{"id":176529,"date":"2019-03-06T15:56:53","date_gmt":"2019-03-06T13:56:53","guid":{"rendered":"http:\/\/www.sana.sy\/tr\/?p=176529"},"modified":"2019-03-07T14:14:51","modified_gmt":"2019-03-07T12:14:51","slug":"hasekede-okullar-prefabrik-sinif-odalari-ile-genisletiliyor","status":"publish","type":"post","link":"https:\/\/archive.sana.sy\/tr\/?p=176529","title":{"rendered":"Haseke\u2019de Okullar Prefabrik S\u0131n\u0131f Odalar\u0131 ile Geni\u015fletiliyor"},"content":{"rendered":"<p>HASEKE \u2013 Muhtelif illerde ve b\u00f6lgelerde \u00e7ocuklar\u0131n temel gereksinimlerinden e\u011fitim haklar\u0131n\u0131n korunmas\u0131 ve peki\u015ftirilmesi amac\u0131yla Haseke Kenti ve ona tabi Kam\u0131\u015fl\u0131 Kentinde okullar acil \u00e7\u00f6z\u00fcm olarak prefabrik s\u0131n\u0131f odalar\u0131 geni\u015fletiliyor.<\/p>\n<p>Haseke \u0130l E\u011fitim M\u00fcd\u00fcr\u00fc \u0130lham Sorhan SANA muhabirine yapt\u0131\u011f\u0131 a\u00e7\u0131klamada; okullarda \u00e7ocuklar\u0131n e\u011fitim haklar\u0131n\u0131n daha iyi bir \u015fekilde sa\u011flanmas\u0131 i\u00e7in Haseke ve Kam\u0131\u015fl\u0131 kentlerindeki okullar\u0131n 50 adet prefabrik s\u0131n\u0131f odas\u0131 ile geni\u015fletildiklerini belirtti. Sorhan 21\u2019i Haseke, 29\u2019u da Kam\u0131\u015fl\u0131 kentlerindeki okullara eklenen prefabrik s\u0131n\u0131f odalar\u0131n\u0131n her birinin 40 \u00f6\u011frenci kapasitesinde olduklar\u0131na dikkat \u00e7ekti.<\/p>\n<p>Haseke \u0130l E\u011fitim M\u00fcd\u00fcrl\u00fc\u011f\u00fc ge\u00e7en y\u0131l i\u00e7inde de ilin farkl\u0131 b\u00f6lgelerindeki okullara 71 adet prefabrik s\u0131n\u0131f odas\u0131 eklemi\u015fti.<\/p>\n<div id='gallery-1' class='gallery galleryid-176529 gallery-columns-1 gallery-size-full'><figure class='gallery-item'>\n\t\t\t<div class='gallery-icon landscape'>\n\t\t\t\t<a href='https:\/\/archive.sana.sy\/tr\/wp-content\/uploads\/2019\/03\/7-29.jpg'><img loading=\"lazy\" decoding=\"async\" width=\"660\" height=\"370\" src=\"https:\/\/archive.sana.sy\/tr\/wp-content\/uploads\/2019\/03\/7-29.jpg\" class=\"attachment-full size-full\" alt=\"\" srcset=\"https:\/\/archive.sana.sy\/tr\/wp-content\/uploads\/2019\/03\/7-29.jpg 660w, https:\/\/archive.sana.sy\/tr\/wp-content\/uploads\/2019\/03\/7-29-150x84.jpg 150w, https:\/\/archive.sana.sy\/tr\/wp-content\/uploads\/2019\/03\/7-29-300x168.jpg 300w\" sizes=\"auto, (max-width: 660px) 100vw, 660px\" \/><\/a>\n\t\t\t<\/div><\/figure>\n\t\t<\/div>\n\n","protected":false},"excerpt":{"rendered":"<p>HASEKE \u2013 Muhtelif illerde ve b\u00f6lgelerde \u00e7ocuklar\u0131n temel gereksinimlerinden e\u011fitim haklar\u0131n\u0131n korunmas\u0131 ve peki\u015ftirilmesi amac\u0131yla Haseke Kenti ve ona tabi Kam\u0131\u015fl\u0131 Kentinde okullar acil \u00e7\u00f6z\u00fcm olarak prefabrik s\u0131n\u0131f odalar\u0131 geni\u015fletiliyor. Haseke \u0130l E\u011fitim M\u00fcd\u00fcr\u00fc \u0130lham Sorhan SANA muhabirine yapt\u0131\u011f\u0131 a\u00e7\u0131klamada; okullarda \u00e7ocuklar\u0131n e\u011fitim haklar\u0131n\u0131n daha iyi bir \u015fekilde sa\u011flanmas\u0131 i\u00e7in Haseke ve Kam\u0131\u015fl\u0131 kentlerindeki okullar\u0131n &hellip;<\/p>\n","protected":false},"author":1,"featured_media":176530,"comment_status":"closed","ping_status":"closed","sticky":false,"template":"","format":"standard","meta":{"footnotes":""},"categories":[485,486,479,17988,478],"tags":[],"class_list":["post-176529","post","type-post","status-publish","format-standard","has-post-thumbnail","","category-is-ve-sermaye","category-haberler-is-ve-sermaye","category-haberler-yerel","category-son-haberler","category-yerel"],"_links":{"self":[{"href":"https:\/\/archive.sana.sy\/tr\/index.php?rest_route=\/wp\/v2\/posts\/176529","targetHints":{"allow":["GET"]}}],"collection":[{"href":"https:\/\/archive.sana.sy\/tr\/index.php?rest_route=\/wp\/v2\/posts"}],"about":[{"href":"https:\/\/archive.sana.sy\/tr\/index.php?rest_route=\/wp\/v2\/types\/post"}],"author":[{"embeddable":true,"href":"https:\/\/archive.sana.sy\/tr\/index.php?rest_route=\/wp\/v2\/users\/1"}],"replies":[{"embeddable":true,"href":"https:\/\/archive.sana.sy\/tr\/index.php?rest_route=%2Fwp%2Fv2%2Fcomments&post=176529"}],"version-history":[{"count":0,"href":"https:\/\/archive.sana.sy\/tr\/index.php?rest_route=\/wp\/v2\/posts\/176529\/revisions"}],"wp:featuredmedia":[{"embeddable":true,"href":"https:\/\/archive.sana.sy\/tr\/index.php?rest_route=\/wp\/v2\/media\/176530"}],"wp:attachment":[{"href":"https:\/\/archive.sana.sy\/tr\/index.php?rest_route=%2Fwp%2Fv2%2Fmedia&parent=176529"}],"wp:term":[{"taxonomy":"category","embeddable":true,"href":"https:\/\/archive.sana.sy\/tr\/index.php?rest_route=%2Fwp%2Fv2%2Fcategories&post=176529"},{"taxonomy":"post_tag","embeddable":true,"href":"https:\/\/archive.sana.sy\/tr\/index.php?rest_route=%2Fwp%2Fv2%2Ftags&post=176529"}],"curies":[{"name":"wp","href":"https:\/\/api.w.org\/{rel}","templated":true}]}}