{"id":176731,"date":"2019-03-08T13:55:20","date_gmt":"2019-03-08T11:55:20","guid":{"rendered":"http:\/\/www.sana.sy\/tr\/?p=176731"},"modified":"2019-03-08T13:55:20","modified_gmt":"2019-03-08T11:55:20","slug":"yillarca-teror-saldirilarina-maruz-kalmasi-nedeniyle-durdurulan-tren-lazkiye-limanindan-sam-kirsalinda-yer-alan-nasiriye-tahil-silolarina-yeniden-harekete-gecti","status":"publish","type":"post","link":"https:\/\/archive.sana.sy\/tr\/?p=176731","title":{"rendered":"Y\u0131llarca ter\u00f6r sald\u0131r\u0131lar\u0131na maruz kalmas\u0131 nedeniyle durdurulan tren Lazkiye Liman\u0131ndan \u015eam K\u0131rsal\u0131nda yer alan Nas\u0131riye Tah\u0131l Silolar\u0131na yeniden harekete ge\u00e7ti."},"content":{"rendered":"<p>Y\u0131llarca ter\u00f6r sald\u0131r\u0131lar\u0131na maruz kalmas\u0131 nedeniyle durdurulan tren Lazkiye Liman\u0131ndan \u015eam K\u0131rsal\u0131nda yer alan Nas\u0131riye Tah\u0131l Silolar\u0131na yeniden harekete ge\u00e7ti.<\/p>\n<p><iframe loading=\"lazy\" title=\"\u062a\u0642\u0644 1500 \u0637\u0646 \u0645\u0646 \u0627\u0644\u0642\u0645\u062d \u0642\u0627\u062f\u0645\u0629 \u0645\u0646 \u0645\u0631\u0641\u0623 \u0627\u0644\u0644\u0627\u0630\u0642\u064a\u0629.. \u0623\u0648\u0644\u0649 \u0642\u0637\u0627\u0631\u0627\u062a \u0646\u0642\u0644 \u0627\u0644\u062d\u0628\u0648\u0628 \u062a\u0641\u0631\u063a \u062d\u0645\u0648\u0644\u062a\u0647\u0627 \u0641\u064a \u0635\u0648\u0627\u0645\u0639 \u0627\u0644\u0646\u0627\u0635\u0631\u064a\u0629\" width=\"618\" height=\"348\" src=\"https:\/\/www.youtube.com\/embed\/KFQF_EZqKfg?feature=oembed\" frameborder=\"0\" allow=\"accelerometer; autoplay; clipboard-write; encrypted-media; gyroscope; picture-in-picture; web-share\" referrerpolicy=\"strict-origin-when-cross-origin\" allowfullscreen><\/iframe><\/p>\n","protected":false},"excerpt":{"rendered":"<p>Y\u0131llarca ter\u00f6r sald\u0131r\u0131lar\u0131na maruz kalmas\u0131 nedeniyle durdurulan tren Lazkiye Liman\u0131ndan \u015eam K\u0131rsal\u0131nda yer alan Nas\u0131riye Tah\u0131l Silolar\u0131na yeniden harekete ge\u00e7ti.<\/p>\n","protected":false},"author":1,"featured_media":176732,"comment_status":"closed","ping_status":"closed","sticky":false,"template":"","format":"standard","meta":{"footnotes":""},"categories":[18295],"tags":[],"class_list":["post-176731","post","type-post","status-publish","format-standard","has-post-thumbnail","","category-sana-video"],"_links":{"self":[{"href":"https:\/\/archive.sana.sy\/tr\/index.php?rest_route=\/wp\/v2\/posts\/176731","targetHints":{"allow":["GET"]}}],"collection":[{"href":"https:\/\/archive.sana.sy\/tr\/index.php?rest_route=\/wp\/v2\/posts"}],"about":[{"href":"https:\/\/archive.sana.sy\/tr\/index.php?rest_route=\/wp\/v2\/types\/post"}],"author":[{"embeddable":true,"href":"https:\/\/archive.sana.sy\/tr\/index.php?rest_route=\/wp\/v2\/users\/1"}],"replies":[{"embeddable":true,"href":"https:\/\/archive.sana.sy\/tr\/index.php?rest_route=%2Fwp%2Fv2%2Fcomments&post=176731"}],"version-history":[{"count":0,"href":"https:\/\/archive.sana.sy\/tr\/index.php?rest_route=\/wp\/v2\/posts\/176731\/revisions"}],"wp:featuredmedia":[{"embeddable":true,"href":"https:\/\/archive.sana.sy\/tr\/index.php?rest_route=\/wp\/v2\/media\/176732"}],"wp:attachment":[{"href":"https:\/\/archive.sana.sy\/tr\/index.php?rest_route=%2Fwp%2Fv2%2Fmedia&parent=176731"}],"wp:term":[{"taxonomy":"category","embeddable":true,"href":"https:\/\/archive.sana.sy\/tr\/index.php?rest_route=%2Fwp%2Fv2%2Fcategories&post=176731"},{"taxonomy":"post_tag","embeddable":true,"href":"https:\/\/archive.sana.sy\/tr\/index.php?rest_route=%2Fwp%2Fv2%2Ftags&post=176731"}],"curies":[{"name":"wp","href":"https:\/\/api.w.org\/{rel}","templated":true}]}}