{"id":176734,"date":"2019-03-08T13:56:27","date_gmt":"2019-03-08T11:56:27","guid":{"rendered":"http:\/\/www.sana.sy\/tr\/?p=176734"},"modified":"2019-03-08T13:56:27","modified_gmt":"2019-03-08T11:56:27","slug":"fransa-kanada-ve-isvicreden-turist-grubu-busrayi-ziyaret-ediyor-2","status":"publish","type":"post","link":"https:\/\/archive.sana.sy\/tr\/?p=176734","title":{"rendered":"Fransa, Kanada ve \u0130svi\u00e7re\u2019den Turist Grubu Busra\u2019y\u0131 Ziyaret Ediyor"},"content":{"rendered":"<p>Fransa, Kanada ve \u0130svi\u00e7re\u2019den Turist Grubu Busra\u2019y\u0131 Ziyaret Ediyor<\/p>\n<p><iframe loading=\"lazy\" title=\"\u0645\u062c\u0645\u0648\u0639\u0629 \u0633\u064a\u0627\u062d\u064a\u0629 \u0645\u0646 \u0641\u0631\u0646\u0633\u0627 \u0648\u0643\u0646\u062f\u0627 \u0648\u0633\u0648\u064a\u0633\u0631\u0627 \u062a\u0632\u0648\u0631 \u0645\u062f\u064a\u0646\u0629 \u0628\u0635\u0631\u0649 \u0627\u0644\u0623\u062b\u0631\u064a\u0629\" width=\"618\" height=\"464\" src=\"https:\/\/www.youtube.com\/embed\/WWB5tLyMdWo?feature=oembed\" frameborder=\"0\" allow=\"accelerometer; autoplay; clipboard-write; encrypted-media; gyroscope; picture-in-picture; web-share\" referrerpolicy=\"strict-origin-when-cross-origin\" allowfullscreen><\/iframe><\/p>\n","protected":false},"excerpt":{"rendered":"<p>Fransa, Kanada ve \u0130svi\u00e7re\u2019den Turist Grubu Busra\u2019y\u0131 Ziyaret Ediyor<\/p>\n","protected":false},"author":1,"featured_media":176663,"comment_status":"closed","ping_status":"closed","sticky":false,"template":"","format":"standard","meta":{"footnotes":""},"categories":[18295],"tags":[],"class_list":["post-176734","post","type-post","status-publish","format-standard","has-post-thumbnail","","category-sana-video"],"_links":{"self":[{"href":"https:\/\/archive.sana.sy\/tr\/index.php?rest_route=\/wp\/v2\/posts\/176734","targetHints":{"allow":["GET"]}}],"collection":[{"href":"https:\/\/archive.sana.sy\/tr\/index.php?rest_route=\/wp\/v2\/posts"}],"about":[{"href":"https:\/\/archive.sana.sy\/tr\/index.php?rest_route=\/wp\/v2\/types\/post"}],"author":[{"embeddable":true,"href":"https:\/\/archive.sana.sy\/tr\/index.php?rest_route=\/wp\/v2\/users\/1"}],"replies":[{"embeddable":true,"href":"https:\/\/archive.sana.sy\/tr\/index.php?rest_route=%2Fwp%2Fv2%2Fcomments&post=176734"}],"version-history":[{"count":0,"href":"https:\/\/archive.sana.sy\/tr\/index.php?rest_route=\/wp\/v2\/posts\/176734\/revisions"}],"wp:featuredmedia":[{"embeddable":true,"href":"https:\/\/archive.sana.sy\/tr\/index.php?rest_route=\/wp\/v2\/media\/176663"}],"wp:attachment":[{"href":"https:\/\/archive.sana.sy\/tr\/index.php?rest_route=%2Fwp%2Fv2%2Fmedia&parent=176734"}],"wp:term":[{"taxonomy":"category","embeddable":true,"href":"https:\/\/archive.sana.sy\/tr\/index.php?rest_route=%2Fwp%2Fv2%2Fcategories&post=176734"},{"taxonomy":"post_tag","embeddable":true,"href":"https:\/\/archive.sana.sy\/tr\/index.php?rest_route=%2Fwp%2Fv2%2Ftags&post=176734"}],"curies":[{"name":"wp","href":"https:\/\/api.w.org\/{rel}","templated":true}]}}