{"id":176749,"date":"2019-03-08T15:03:12","date_gmt":"2019-03-08T13:03:12","guid":{"rendered":"http:\/\/www.sana.sy\/tr\/?p=176749"},"modified":"2019-03-09T13:35:33","modified_gmt":"2019-03-09T11:35:33","slug":"moskova-washingtondan-rukban-kampindaki-suriyelilerin-acilarini-sona-erdirmek-icin-isbirligine-davet-etti","status":"publish","type":"post","link":"https:\/\/archive.sana.sy\/tr\/?p=176749","title":{"rendered":"Moskova Washington&#8217;dan Rukban Kamp\u0131ndaki Suriyelilerin Ac\u0131lar\u0131n\u0131 Sona Erdirmek \u0130\u00e7in \u0130\u015fbirli\u011fine Davet Etti"},"content":{"rendered":"<p>MOSKOVA \u2013 Federal Rusya&#8217;n\u0131n Amerika Birle\u015fik Devletlerindeki B\u00fcy\u00fckel\u00e7isi Anatoli Antonov Washington&#8217;u, Tenef b\u00f6lgesi Rukban kamp\u0131nda Amerikan i\u015fgal kuvvetlerinin hacz etti\u011fi tehcir edilmi\u015f Suriyelilerin ac\u0131lar\u0131n\u0131 sona erdirmek ve insani durumlar\u0131n\u0131 istismar etmemek i\u00e7in i\u015fbirli\u011fine \u00e7a\u011f\u0131rd\u0131.<\/p>\n<p>Antonov el\u00e7ili\u011fin resmi web sayfas\u0131nda d\u00fcn yay\u0131nlanan ve Rusya Bug\u00fcn sitesinin bug\u00fcn yay\u0131nlad\u0131\u011f\u0131 beyan\u0131nda, &#8220;kamp\u0131n derhal ve acilen bo\u015falt\u0131lmas\u0131 gerekiyor&#8221; diyerek, &#8220;Rusya ve Suriye&#8217;nin \u00f6nerdi\u011fi gibi somut icraatlar al\u0131nmas\u0131 ve bu konuda uluslararas\u0131 toplum \u00e7abalar\u0131n\u0131n birle\u015ftirilmesi&#8221; gere\u011fini vurgulad\u0131.<\/p>\n<p>Antonov, Moskova&#8217;n\u0131n dikkatleri uluslararas\u0131 insani hak \u00f6rg\u00fctleri ve Birle\u015fmi\u015f Milletlerin dikkatlerini kamptaki feci insani duruma \u00e7ekmek istedi\u011fine i\u015faret ederek; &#8220;Rukban kamp\u0131nda tehcir edilen ki\u015filerin, \u00f6zellikle t\u0131bbi bak\u0131m alamad\u0131klar\u0131 i\u00e7in, n\u00fcfusun \u00e7o\u011funun kad\u0131nlar, be\u015f ya\u015f\u0131n alt\u0131ndaki \u00e7ocuklar, ya\u015fl\u0131lar ve engelliler oldu\u011fundan, y\u00fcksek g\u00fcvenlik riskleri ve \u00e7ocuk \u00f6l\u00fcm oranlar\u0131n\u0131n y\u00fckselmesinden dolay\u0131, yeterli temel gereksinimlere ula\u015famad\u0131klar\u0131n\u0131&#8221; s\u00f6yledi.<\/p>\n<p>Antonov, \u00f6zellikle Suriye h\u00fck\u00fcmetinin yerlerinden edilmi\u015f ki\u015fileri alma konusundaki isteksizli\u011fi konusundaki iddialarla ilgili olarak Rukban kamp\u0131 hakk\u0131ndaki yalan iddialar\u0131 reddetti ve b\u00fct\u00fcn bunlar\u0131n yalan oldu\u011funu vurgulayarak, &#8220;insanlar Tenef&#8217;teki \u00e7eteler taraf\u0131ndan rehin tutulmalar\u0131ndan dolay\u0131 kamp\u0131 terk edemediklerini&#8221; s\u00f6yledi.<\/p>\n<p>\u00c7eviri: S. \u015eahut<\/p>\n","protected":false},"excerpt":{"rendered":"<p>MOSKOVA \u2013 Federal Rusya&#8217;n\u0131n Amerika Birle\u015fik Devletlerindeki B\u00fcy\u00fckel\u00e7isi Anatoli Antonov Washington&#8217;u, Tenef b\u00f6lgesi Rukban kamp\u0131nda Amerikan i\u015fgal kuvvetlerinin hacz etti\u011fi tehcir edilmi\u015f Suriyelilerin ac\u0131lar\u0131n\u0131 sona erdirmek ve insani durumlar\u0131n\u0131 istismar etmemek i\u00e7in i\u015fbirli\u011fine \u00e7a\u011f\u0131rd\u0131. Antonov el\u00e7ili\u011fin resmi web sayfas\u0131nda d\u00fcn yay\u0131nlanan ve Rusya Bug\u00fcn sitesinin bug\u00fcn yay\u0131nlad\u0131\u011f\u0131 beyan\u0131nda, &#8220;kamp\u0131n derhal ve acilen bo\u015falt\u0131lmas\u0131 gerekiyor&#8221; diyerek, &hellip;<\/p>\n","protected":false},"author":1,"featured_media":176750,"comment_status":"closed","ping_status":"closed","sticky":false,"template":"","format":"standard","meta":{"footnotes":""},"categories":[458,459,17988],"tags":[],"class_list":["post-176749","post","type-post","status-publish","format-standard","has-post-thumbnail","","category-dunya1","category-haberler-arap-uluslararasi-politika","category-son-haberler"],"_links":{"self":[{"href":"https:\/\/archive.sana.sy\/tr\/index.php?rest_route=\/wp\/v2\/posts\/176749","targetHints":{"allow":["GET"]}}],"collection":[{"href":"https:\/\/archive.sana.sy\/tr\/index.php?rest_route=\/wp\/v2\/posts"}],"about":[{"href":"https:\/\/archive.sana.sy\/tr\/index.php?rest_route=\/wp\/v2\/types\/post"}],"author":[{"embeddable":true,"href":"https:\/\/archive.sana.sy\/tr\/index.php?rest_route=\/wp\/v2\/users\/1"}],"replies":[{"embeddable":true,"href":"https:\/\/archive.sana.sy\/tr\/index.php?rest_route=%2Fwp%2Fv2%2Fcomments&post=176749"}],"version-history":[{"count":0,"href":"https:\/\/archive.sana.sy\/tr\/index.php?rest_route=\/wp\/v2\/posts\/176749\/revisions"}],"wp:featuredmedia":[{"embeddable":true,"href":"https:\/\/archive.sana.sy\/tr\/index.php?rest_route=\/wp\/v2\/media\/176750"}],"wp:attachment":[{"href":"https:\/\/archive.sana.sy\/tr\/index.php?rest_route=%2Fwp%2Fv2%2Fmedia&parent=176749"}],"wp:term":[{"taxonomy":"category","embeddable":true,"href":"https:\/\/archive.sana.sy\/tr\/index.php?rest_route=%2Fwp%2Fv2%2Fcategories&post=176749"},{"taxonomy":"post_tag","embeddable":true,"href":"https:\/\/archive.sana.sy\/tr\/index.php?rest_route=%2Fwp%2Fv2%2Ftags&post=176749"}],"curies":[{"name":"wp","href":"https:\/\/api.w.org\/{rel}","templated":true}]}}