{"id":176791,"date":"2019-03-08T15:59:42","date_gmt":"2019-03-08T13:59:42","guid":{"rendered":"http:\/\/www.sana.sy\/tr\/?p=176791"},"modified":"2019-03-08T15:59:42","modified_gmt":"2019-03-08T13:59:42","slug":"nasrullah-suriyeden-savasla-almaktan-aciz-olduklarini-suriye-halkina-karsi-ambargo-ve-ekonomik-baskilarla-almak-istiyorlar","status":"publish","type":"post","link":"https:\/\/archive.sana.sy\/tr\/?p=176791","title":{"rendered":"Nasrullah: Suriye&#8217;den sava\u015fla almaktan aciz olduklar\u0131n\u0131 Suriye halk\u0131na kar\u015f\u0131 ambargo ve ekonomik bask\u0131larla almak istiyorlar."},"content":{"rendered":"<p>Nasrullah: Suriye&#8217;den sava\u015fla almaktan aciz olduklar\u0131n\u0131 Suriye halk\u0131na kar\u015f\u0131 ambargo ve ekonomik bask\u0131larla almak istiyorlar.<\/p>\n","protected":false},"excerpt":{"rendered":"<p>Nasrullah: Suriye&#8217;den sava\u015fla almaktan aciz olduklar\u0131n\u0131 Suriye halk\u0131na kar\u015f\u0131 ambargo ve ekonomik bask\u0131larla almak istiyorlar.<\/p>\n","protected":false},"author":1,"featured_media":0,"comment_status":"closed","ping_status":"closed","sticky":false,"template":"","format":"standard","meta":{"footnotes":""},"categories":[17991],"tags":[],"class_list":["post-176791","post","type-post","status-publish","format-standard","","category-son-dakika"],"_links":{"self":[{"href":"https:\/\/archive.sana.sy\/tr\/index.php?rest_route=\/wp\/v2\/posts\/176791","targetHints":{"allow":["GET"]}}],"collection":[{"href":"https:\/\/archive.sana.sy\/tr\/index.php?rest_route=\/wp\/v2\/posts"}],"about":[{"href":"https:\/\/archive.sana.sy\/tr\/index.php?rest_route=\/wp\/v2\/types\/post"}],"author":[{"embeddable":true,"href":"https:\/\/archive.sana.sy\/tr\/index.php?rest_route=\/wp\/v2\/users\/1"}],"replies":[{"embeddable":true,"href":"https:\/\/archive.sana.sy\/tr\/index.php?rest_route=%2Fwp%2Fv2%2Fcomments&post=176791"}],"version-history":[{"count":0,"href":"https:\/\/archive.sana.sy\/tr\/index.php?rest_route=\/wp\/v2\/posts\/176791\/revisions"}],"wp:attachment":[{"href":"https:\/\/archive.sana.sy\/tr\/index.php?rest_route=%2Fwp%2Fv2%2Fmedia&parent=176791"}],"wp:term":[{"taxonomy":"category","embeddable":true,"href":"https:\/\/archive.sana.sy\/tr\/index.php?rest_route=%2Fwp%2Fv2%2Fcategories&post=176791"},{"taxonomy":"post_tag","embeddable":true,"href":"https:\/\/archive.sana.sy\/tr\/index.php?rest_route=%2Fwp%2Fv2%2Ftags&post=176791"}],"curies":[{"name":"wp","href":"https:\/\/api.w.org\/{rel}","templated":true}]}}