{"id":176794,"date":"2019-03-08T16:19:53","date_gmt":"2019-03-08T14:19:53","guid":{"rendered":"http:\/\/www.sana.sy\/tr\/?p=176794"},"modified":"2019-03-09T13:30:04","modified_gmt":"2019-03-09T11:30:04","slug":"nasrullah-suriye-ve-iran-destekli-direnis-hareketleri-amerikanin-bolgedeki-planini-dusurdu","status":"publish","type":"post","link":"https:\/\/archive.sana.sy\/tr\/?p=176794","title":{"rendered":"Nasrullah: Suriye ve \u0130ran Destekli Direni\u015f Hareketleri Amerika&#8217;n\u0131n B\u00f6lgedeki Plan\u0131n\u0131 D\u00fc\u015f\u00fcrd\u00fc"},"content":{"rendered":"<p>BEYRUT \u2013 Hizbullah Genel Sekreteri Seyyid Hasan Nasrullah, 1980&#8217;li y\u0131llar\u0131n ba\u015f\u0131ndan \u015fu ana kadar Amerika ve &#8220;\u0130srail&#8221;in b\u00f6lgedeki projeleri Suriye ve \u0130ran taraf\u0131ndan destekli direni\u015f hareketleri sayesinde hezimet \u00fczt\u00fcne hezimete u\u011frad\u0131\u011f\u0131n\u0131 belirtti.<\/p>\n<p>Direni\u015fe Destek Kurumunun Kurulu\u015f y\u0131l d\u00f6n\u00fcm\u00fcnde yapt\u0131\u011f\u0131 konu\u015fmas\u0131nda Seyyid Nasrullah, Direni\u015f ekseninin b\u00f6lgede &#8220;y\u00fcz y\u0131l\u0131n pazarl\u0131\u011f\u0131&#8221; adl\u0131 Trump plan\u0131n\u0131n kar\u015f\u0131s\u0131nda durdu\u011funu belirterek, yapt\u0131r\u0131mlarla ter\u00f6r listelerin\u015fn direni\u015fe kar\u015f\u0131 a\u00e7\u0131lan sava\u015f oldu\u011funu bu esasa dayanarak ona kar\u015f\u0131 koyacak ve ona g\u00f6re hareket edeceklerini vurgulad\u0131.<\/p>\n<p>Seyyid Nasrullah: &#8220;Suriye&#8217;den sava\u015fla almaktan aciz olduklar\u0131n\u0131 Suriye halk\u0131na kar\u015f\u0131 ambargo ve ekonomik bask\u0131larla almak istiyorlar&#8221; dedi.<\/p>\n<p>Direni\u015fin baz\u0131 zorluklarla kar\u015f\u0131 kar\u015f\u0131ya kalabilece\u011fini ancak azimeti ve direncini durduramayacaklar\u0131n\u0131 belirten Seyyid Nasrullah, direni\u015fin zay\u0131flamaca\u011f\u0131n\u0131 bilakis bu b\u00f6lgede kuvvet, say\u0131 ve zafer sa\u011flayan olarak artaca\u011f\u0131n\u0131 vurgulad\u0131.<\/p>\n<p>Nasrullah ayr\u0131ca, L\u00fcbnan ve Filistin&#8217;deki direni\u015f ile Suriye ve \u0130ran&#8217;\u0131n ayakta kalmalar\u0131n\u0131n Amerikan&#8217;\u0131n b\u00f6lgeyi hegemonyas\u0131na alma plan\u0131n\u0131 d\u00fc\u015f\u00fcrd\u00fc\u011f\u00fcne dikkat \u00e7ekti.<\/p>\n<p>\u00c7eviri: S. \u015eahut<\/p>\n","protected":false},"excerpt":{"rendered":"<p>BEYRUT \u2013 Hizbullah Genel Sekreteri Seyyid Hasan Nasrullah, 1980&#8217;li y\u0131llar\u0131n ba\u015f\u0131ndan \u015fu ana kadar Amerika ve &#8220;\u0130srail&#8221;in b\u00f6lgedeki projeleri Suriye ve \u0130ran taraf\u0131ndan destekli direni\u015f hareketleri sayesinde hezimet \u00fczt\u00fcne hezimete u\u011frad\u0131\u011f\u0131n\u0131 belirtti. Direni\u015fe Destek Kurumunun Kurulu\u015f y\u0131l d\u00f6n\u00fcm\u00fcnde yapt\u0131\u011f\u0131 konu\u015fmas\u0131nda Seyyid Nasrullah, Direni\u015f ekseninin b\u00f6lgede &#8220;y\u00fcz y\u0131l\u0131n pazarl\u0131\u011f\u0131&#8221; adl\u0131 Trump plan\u0131n\u0131n kar\u015f\u0131s\u0131nda durdu\u011funu belirterek, yapt\u0131r\u0131mlarla &hellip;<\/p>\n","protected":false},"author":1,"featured_media":176795,"comment_status":"closed","ping_status":"closed","sticky":false,"template":"","format":"standard","meta":{"footnotes":""},"categories":[458,459,17988],"tags":[],"class_list":["post-176794","post","type-post","status-publish","format-standard","has-post-thumbnail","","category-dunya1","category-haberler-arap-uluslararasi-politika","category-son-haberler"],"_links":{"self":[{"href":"https:\/\/archive.sana.sy\/tr\/index.php?rest_route=\/wp\/v2\/posts\/176794","targetHints":{"allow":["GET"]}}],"collection":[{"href":"https:\/\/archive.sana.sy\/tr\/index.php?rest_route=\/wp\/v2\/posts"}],"about":[{"href":"https:\/\/archive.sana.sy\/tr\/index.php?rest_route=\/wp\/v2\/types\/post"}],"author":[{"embeddable":true,"href":"https:\/\/archive.sana.sy\/tr\/index.php?rest_route=\/wp\/v2\/users\/1"}],"replies":[{"embeddable":true,"href":"https:\/\/archive.sana.sy\/tr\/index.php?rest_route=%2Fwp%2Fv2%2Fcomments&post=176794"}],"version-history":[{"count":0,"href":"https:\/\/archive.sana.sy\/tr\/index.php?rest_route=\/wp\/v2\/posts\/176794\/revisions"}],"wp:featuredmedia":[{"embeddable":true,"href":"https:\/\/archive.sana.sy\/tr\/index.php?rest_route=\/wp\/v2\/media\/176795"}],"wp:attachment":[{"href":"https:\/\/archive.sana.sy\/tr\/index.php?rest_route=%2Fwp%2Fv2%2Fmedia&parent=176794"}],"wp:term":[{"taxonomy":"category","embeddable":true,"href":"https:\/\/archive.sana.sy\/tr\/index.php?rest_route=%2Fwp%2Fv2%2Fcategories&post=176794"},{"taxonomy":"post_tag","embeddable":true,"href":"https:\/\/archive.sana.sy\/tr\/index.php?rest_route=%2Fwp%2Fv2%2Ftags&post=176794"}],"curies":[{"name":"wp","href":"https:\/\/api.w.org\/{rel}","templated":true}]}}