{"id":176797,"date":"2019-03-08T21:36:55","date_gmt":"2019-03-08T19:36:55","guid":{"rendered":"http:\/\/www.sana.sy\/tr\/?p=176797"},"modified":"2019-03-09T13:24:54","modified_gmt":"2019-03-09T11:24:54","slug":"silahli-kuvvetlerimiz-8-mart-devrimi-yildonumununde-bati-desteklitekfiri-terorle-mucadelemiz-azim-ve-israrla-devam-edecek-video","status":"publish","type":"post","link":"https:\/\/archive.sana.sy\/tr\/?p=176797","title":{"rendered":"Silahl\u0131 Kuvvetlerimiz 8 Mart Devrimi Y\u0131ld\u00f6n\u00fcm\u00fcn\u00fcnde: Bat\u0131 DestekliTekfiri Ter\u00f6rle M\u00fccadelemiz Azim ve Israrla Devam Edecek &#8211; Video"},"content":{"rendered":"<p style=\"text-align: justify;\">\u015eAM \u2013 Ordunun t\u00fcm silahl\u0131 s\u0131n\u0131flar\u0131 ve kahraman silahl\u0131 kuvvetlerimiz bug\u00fcn, \u00f6zellikle Ekim sava\u015f\u0131n\u0131n zaferleriyle direni\u015f d\u00fc\u015f\u00fcnce ve eylem y\u00f6nteminin kurulmas\u0131na dahil sa\u011flad\u0131\u011f\u0131 ulusal ve milli ba\u015far\u0131larla Suriye ve Arap milleti tarihinin en parlak istasyonlar\u0131ndan birini temsil eden 8 Mart devriminin 56. y\u0131ld\u00f6n\u00fcm\u00fcn\u00fc kutlad\u0131.<\/p>\n<p><img loading=\"lazy\" decoding=\"async\" class=\"wp-image-176799 size-medium alignright\" src=\"http:\/\/www.sana.sy\/tr\/wp-content\/uploads\/2019\/03\/22-300x168.jpg\" alt=\"\" width=\"300\" height=\"168\" srcset=\"https:\/\/archive.sana.sy\/tr\/wp-content\/uploads\/2019\/03\/22-300x168.jpg 300w, https:\/\/archive.sana.sy\/tr\/wp-content\/uploads\/2019\/03\/22-150x84.jpg 150w, https:\/\/archive.sana.sy\/tr\/wp-content\/uploads\/2019\/03\/22.jpg 660w\" sizes=\"auto, (max-width: 300px) 100vw, 300px\" \/><\/p>\n<p style=\"text-align: justify;\">Bu vesileyle komutanlar, 8 Mart devriminin anlam\u0131 ve delaletlerinden bahsederek; b\u00f6l\u00fcc\u00fc zihniyeti ortadan kald\u0131rman\u0131n uzun bir ulusal m\u00fccadelenin meyvesi oldu\u011funu ve halk d\u00fc\u015fmanlar\u0131 kar\u015f\u0131s\u0131nda halk\u0131n yolunu \u00e7izmenin \u00f6nemli bir d\u00f6n\u00fcm noktas\u0131 oldu\u011funa i\u015faret ettiler.<\/p>\n<p style=\"text-align: justify;\">Komutanlar, ter\u00f6rist t\u0131rmanma hacmi ve sald\u0131rgan ile ter\u00f6r destek\u00e7ileri taraflar\u0131 aras\u0131nda koordinasyon ne kadar b\u00fcy\u00fcrse b\u00fcy\u00fcs\u00fcn, bunun Suriye Arap halk\u0131n\u0131n aya\u011fa kalkmaya devam etmesini engellemeyece\u011fini, \u00e7\u0131karlar\u0131 ve \u00f6zlemlerini s\u00fcrd\u00fcrme konusundaki liderli\u011fine ve egemen ulusal ba\u011f\u0131ms\u0131z karar\u0131na ba\u011fl\u0131 kalmayaca\u011f\u0131na dikkat \u00e7ekti.<\/p>\n<p><a href=\"http:\/\/www.sana.sy\/tr\/wp-content\/uploads\/2019\/03\/23.jpg\"><img loading=\"lazy\" decoding=\"async\" class=\" wp-image-176800 alignright\" src=\"http:\/\/www.sana.sy\/tr\/wp-content\/uploads\/2019\/03\/23-300x168.jpg\" alt=\"\" width=\"293\" height=\"164\" srcset=\"https:\/\/archive.sana.sy\/tr\/wp-content\/uploads\/2019\/03\/23-300x168.jpg 300w, https:\/\/archive.sana.sy\/tr\/wp-content\/uploads\/2019\/03\/23-150x84.jpg 150w, https:\/\/archive.sana.sy\/tr\/wp-content\/uploads\/2019\/03\/23.jpg 660w\" sizes=\"auto, (max-width: 293px) 100vw, 293px\" \/><\/a>Komutanlar konu\u015fmalar\u0131nda, halk\u0131, ordusu ve liderinin kararl\u0131l\u0131\u011f\u0131 ve dostlar\u0131n\u0131n deste\u011fi, t\u00fcm b\u00f6lgeyi Siyonist varl\u0131\u011fa ve yay\u0131lmac\u0131 tutkulara hizmet etmeyi hedefleyen Siyonist ve Amerikan destekli tekfiri ter\u00f6r kar\u015f\u0131s\u0131nda t\u00fcm g\u00fc\u00e7 ve azimle durmalar\u0131 sayesinde Suriye&#8217;nin zaferini vurgulad\u0131lar.<\/p>\n<p style=\"text-align: justify;\">Bu sistematik sava\u015f kar\u015f\u0131s\u0131nda sekiz y\u0131l boyunca dimdik ayakta duran Suriye birlik i\u00e7erisinde kalacak, adil ulusal ve milli davalar\u0131m\u0131z\u0131 b\u00fcy\u00fck samimiyetle savunacakt\u0131r.<\/p>\n<p>\u00c7eviri: S. \u015eahut<\/p>\n<p><iframe loading=\"lazy\" src=\"https:\/\/www.youtube.com\/embed\/q30jeAAPg70\" width=\"660\" height=\"370\" frameborder=\"0\" allowfullscreen=\"allowfullscreen\"><span style=\"display: inline-block; width: 0px; overflow: hidden; line-height: 0;\" data-mce-type=\"bookmark\" class=\"mce_SELRES_start\">\ufeff<\/span><\/iframe><\/p>\n","protected":false},"excerpt":{"rendered":"<p>\u015eAM \u2013 Ordunun t\u00fcm silahl\u0131 s\u0131n\u0131flar\u0131 ve kahraman silahl\u0131 kuvvetlerimiz bug\u00fcn, \u00f6zellikle Ekim sava\u015f\u0131n\u0131n zaferleriyle direni\u015f d\u00fc\u015f\u00fcnce ve eylem y\u00f6nteminin kurulmas\u0131na dahil sa\u011flad\u0131\u011f\u0131 ulusal ve milli ba\u015far\u0131larla Suriye ve Arap milleti tarihinin en parlak istasyonlar\u0131ndan birini temsil eden 8 Mart devriminin 56. y\u0131ld\u00f6n\u00fcm\u00fcn\u00fc kutlad\u0131. Bu vesileyle komutanlar, 8 Mart devriminin anlam\u0131 ve delaletlerinden bahsederek; b\u00f6l\u00fcc\u00fc &hellip;<\/p>\n","protected":false},"author":1,"featured_media":176798,"comment_status":"closed","ping_status":"closed","sticky":false,"template":"","format":"standard","meta":{"footnotes":""},"categories":[479,17988,478],"tags":[],"class_list":["post-176797","post","type-post","status-publish","format-standard","has-post-thumbnail","","category-haberler-yerel","category-son-haberler","category-yerel"],"_links":{"self":[{"href":"https:\/\/archive.sana.sy\/tr\/index.php?rest_route=\/wp\/v2\/posts\/176797","targetHints":{"allow":["GET"]}}],"collection":[{"href":"https:\/\/archive.sana.sy\/tr\/index.php?rest_route=\/wp\/v2\/posts"}],"about":[{"href":"https:\/\/archive.sana.sy\/tr\/index.php?rest_route=\/wp\/v2\/types\/post"}],"author":[{"embeddable":true,"href":"https:\/\/archive.sana.sy\/tr\/index.php?rest_route=\/wp\/v2\/users\/1"}],"replies":[{"embeddable":true,"href":"https:\/\/archive.sana.sy\/tr\/index.php?rest_route=%2Fwp%2Fv2%2Fcomments&post=176797"}],"version-history":[{"count":0,"href":"https:\/\/archive.sana.sy\/tr\/index.php?rest_route=\/wp\/v2\/posts\/176797\/revisions"}],"wp:featuredmedia":[{"embeddable":true,"href":"https:\/\/archive.sana.sy\/tr\/index.php?rest_route=\/wp\/v2\/media\/176798"}],"wp:attachment":[{"href":"https:\/\/archive.sana.sy\/tr\/index.php?rest_route=%2Fwp%2Fv2%2Fmedia&parent=176797"}],"wp:term":[{"taxonomy":"category","embeddable":true,"href":"https:\/\/archive.sana.sy\/tr\/index.php?rest_route=%2Fwp%2Fv2%2Fcategories&post=176797"},{"taxonomy":"post_tag","embeddable":true,"href":"https:\/\/archive.sana.sy\/tr\/index.php?rest_route=%2Fwp%2Fv2%2Ftags&post=176797"}],"curies":[{"name":"wp","href":"https:\/\/api.w.org\/{rel}","templated":true}]}}