{"id":176838,"date":"2019-03-09T14:13:51","date_gmt":"2019-03-09T12:13:51","guid":{"rendered":"http:\/\/www.sana.sy\/tr\/?p=176838"},"modified":"2019-03-10T14:05:48","modified_gmt":"2019-03-10T12:05:48","slug":"10-bin-tondan-fazla-pamugun-islemesini-tamamladi","status":"publish","type":"post","link":"https:\/\/archive.sana.sy\/tr\/?p=176838","title":{"rendered":"10 Bin Tondan Fazla Pamu\u011fun \u0130\u015flemesini Tamamlad\u0131"},"content":{"rendered":"<p>HAMA \u2013 Hama \u0130linde bulunan Asi \u00c7\u0131r\u00e7\u0131r Fabrikas\u0131 bu sezon Haseke \u0130linden teslim ald\u0131\u011f\u0131 16 bin 633 ton pamuktan 10 bin 200 tonunun i\u015flemesini bitirdi.<\/p>\n<p>Fabrika M\u00fcd\u00fcr\u00fc Yasir Halebiyye SANA muhabirine yapt\u0131\u011f\u0131 a\u00e7\u0131klamada bu sezon \u015fu ana dek yap\u0131lan \u00e7al\u0131\u015fmalarda 3 bin 622 ton i\u015flenmi\u015f temiz pamu\u011fun elde edildi\u011fini a\u00e7\u0131klad\u0131. Halebiye bunun yan\u0131 s\u0131ra 5 bin 760 tonun \u00e7ekirdek oldu\u011funu ifade ederken, geriye kalan\u0131n ise toprak ve at\u0131k oldu\u011funu s\u00f6yledi.<\/p>\n<p>Fabrikan\u0131n 2 bin 725 ton pamu\u011fu iplik fabrikalar\u0131na g\u00f6nderdi\u011fini a\u00e7\u0131klayan Halebiye; elde edilen \u00e7ekirdeklerden 1990 tonun ise Hama Pamukya\u011f\u0131 Fabrikas\u0131na aktar\u0131ld\u0131\u011f\u0131n\u0131 s\u00f6zlerine ekledi.<\/p>\n<p>Suriye beyaz alt\u0131n olarak bilinen pamuk \u00fcretiminde d\u00fcnyan\u0131n \u00f6nde gelen \u00fclkelerinden biri say\u0131l\u0131yor.<\/p>\n","protected":false},"excerpt":{"rendered":"<p>HAMA \u2013 Hama \u0130linde bulunan Asi \u00c7\u0131r\u00e7\u0131r Fabrikas\u0131 bu sezon Haseke \u0130linden teslim ald\u0131\u011f\u0131 16 bin 633 ton pamuktan 10 bin 200 tonunun i\u015flemesini bitirdi. Fabrika M\u00fcd\u00fcr\u00fc Yasir Halebiyye SANA muhabirine yapt\u0131\u011f\u0131 a\u00e7\u0131klamada bu sezon \u015fu ana dek yap\u0131lan \u00e7al\u0131\u015fmalarda 3 bin 622 ton i\u015flenmi\u015f temiz pamu\u011fun elde edildi\u011fini a\u00e7\u0131klad\u0131. Halebiye bunun yan\u0131 s\u0131ra 5 &hellip;<\/p>\n","protected":false},"author":1,"featured_media":176839,"comment_status":"closed","ping_status":"closed","sticky":false,"template":"","format":"standard","meta":{"footnotes":""},"categories":[485,486,479,17988,478],"tags":[],"class_list":["post-176838","post","type-post","status-publish","format-standard","has-post-thumbnail","","category-is-ve-sermaye","category-haberler-is-ve-sermaye","category-haberler-yerel","category-son-haberler","category-yerel"],"_links":{"self":[{"href":"https:\/\/archive.sana.sy\/tr\/index.php?rest_route=\/wp\/v2\/posts\/176838","targetHints":{"allow":["GET"]}}],"collection":[{"href":"https:\/\/archive.sana.sy\/tr\/index.php?rest_route=\/wp\/v2\/posts"}],"about":[{"href":"https:\/\/archive.sana.sy\/tr\/index.php?rest_route=\/wp\/v2\/types\/post"}],"author":[{"embeddable":true,"href":"https:\/\/archive.sana.sy\/tr\/index.php?rest_route=\/wp\/v2\/users\/1"}],"replies":[{"embeddable":true,"href":"https:\/\/archive.sana.sy\/tr\/index.php?rest_route=%2Fwp%2Fv2%2Fcomments&post=176838"}],"version-history":[{"count":0,"href":"https:\/\/archive.sana.sy\/tr\/index.php?rest_route=\/wp\/v2\/posts\/176838\/revisions"}],"wp:featuredmedia":[{"embeddable":true,"href":"https:\/\/archive.sana.sy\/tr\/index.php?rest_route=\/wp\/v2\/media\/176839"}],"wp:attachment":[{"href":"https:\/\/archive.sana.sy\/tr\/index.php?rest_route=%2Fwp%2Fv2%2Fmedia&parent=176838"}],"wp:term":[{"taxonomy":"category","embeddable":true,"href":"https:\/\/archive.sana.sy\/tr\/index.php?rest_route=%2Fwp%2Fv2%2Fcategories&post=176838"},{"taxonomy":"post_tag","embeddable":true,"href":"https:\/\/archive.sana.sy\/tr\/index.php?rest_route=%2Fwp%2Fv2%2Ftags&post=176838"}],"curies":[{"name":"wp","href":"https:\/\/api.w.org\/{rel}","templated":true}]}}