{"id":176841,"date":"2019-03-09T14:20:11","date_gmt":"2019-03-09T12:20:11","guid":{"rendered":"http:\/\/www.sana.sy\/tr\/?p=176841"},"modified":"2019-03-10T14:05:36","modified_gmt":"2019-03-10T12:05:36","slug":"arap-satranc-turnuvasinda-ikinciligi-kazandik","status":"publish","type":"post","link":"https:\/\/archive.sana.sy\/tr\/?p=176841","title":{"rendered":"Arap Satran\u00e7 Turnuvas\u0131nda \u0130kincili\u011fi Kazand\u0131k"},"content":{"rendered":"<p>TUNUS \u2013 Tunus\u2019ta d\u00fczenlenen Arap Satran\u00e7 Turnuvas\u0131na kat\u0131lan Suriye tak\u0131m\u0131 ikincili\u011fi alarak g\u00fcm\u00fc\u015f madalya kazand\u0131.<\/p>\n<p>Suriye tak\u0131m\u0131 turnuva birincili\u011fini Tunus kar\u015f\u0131s\u0131nda bir puanla kaybederken; ferdi oyunda Suriye tak\u0131m\u0131ndan Be\u015fir Ayti alt\u0131n, Malik Kuvniye de bronz madalya kazand\u0131.<\/p>\n<div id='gallery-1' class='gallery galleryid-176841 gallery-columns-1 gallery-size-full'><figure class='gallery-item'>\n\t\t\t<div class='gallery-icon landscape'>\n\t\t\t\t<a href='https:\/\/archive.sana.sy\/tr\/wp-content\/uploads\/2019\/03\/12-36.jpg'><img loading=\"lazy\" decoding=\"async\" width=\"660\" height=\"475\" src=\"https:\/\/archive.sana.sy\/tr\/wp-content\/uploads\/2019\/03\/12-36.jpg\" class=\"attachment-full size-full\" alt=\"\" srcset=\"https:\/\/archive.sana.sy\/tr\/wp-content\/uploads\/2019\/03\/12-36.jpg 660w, https:\/\/archive.sana.sy\/tr\/wp-content\/uploads\/2019\/03\/12-36-150x108.jpg 150w, https:\/\/archive.sana.sy\/tr\/wp-content\/uploads\/2019\/03\/12-36-300x216.jpg 300w\" sizes=\"auto, (max-width: 660px) 100vw, 660px\" \/><\/a>\n\t\t\t<\/div><\/figure>\n\t\t<\/div>\n\n","protected":false},"excerpt":{"rendered":"<p>TUNUS \u2013 Tunus\u2019ta d\u00fczenlenen Arap Satran\u00e7 Turnuvas\u0131na kat\u0131lan Suriye tak\u0131m\u0131 ikincili\u011fi alarak g\u00fcm\u00fc\u015f madalya kazand\u0131. Suriye tak\u0131m\u0131 turnuva birincili\u011fini Tunus kar\u015f\u0131s\u0131nda bir puanla kaybederken; ferdi oyunda Suriye tak\u0131m\u0131ndan Be\u015fir Ayti alt\u0131n, Malik Kuvniye de bronz madalya kazand\u0131.<\/p>\n","protected":false},"author":1,"featured_media":176842,"comment_status":"closed","ping_status":"closed","sticky":false,"template":"","format":"standard","meta":{"footnotes":""},"categories":[458,498,459,17988,496],"tags":[],"class_list":["post-176841","post","type-post","status-publish","format-standard","has-post-thumbnail","","category-dunya1","category-dunya-turnuvalari","category-haberler-arap-uluslararasi-politika","category-son-haberler","category-spor"],"_links":{"self":[{"href":"https:\/\/archive.sana.sy\/tr\/index.php?rest_route=\/wp\/v2\/posts\/176841","targetHints":{"allow":["GET"]}}],"collection":[{"href":"https:\/\/archive.sana.sy\/tr\/index.php?rest_route=\/wp\/v2\/posts"}],"about":[{"href":"https:\/\/archive.sana.sy\/tr\/index.php?rest_route=\/wp\/v2\/types\/post"}],"author":[{"embeddable":true,"href":"https:\/\/archive.sana.sy\/tr\/index.php?rest_route=\/wp\/v2\/users\/1"}],"replies":[{"embeddable":true,"href":"https:\/\/archive.sana.sy\/tr\/index.php?rest_route=%2Fwp%2Fv2%2Fcomments&post=176841"}],"version-history":[{"count":0,"href":"https:\/\/archive.sana.sy\/tr\/index.php?rest_route=\/wp\/v2\/posts\/176841\/revisions"}],"wp:featuredmedia":[{"embeddable":true,"href":"https:\/\/archive.sana.sy\/tr\/index.php?rest_route=\/wp\/v2\/media\/176842"}],"wp:attachment":[{"href":"https:\/\/archive.sana.sy\/tr\/index.php?rest_route=%2Fwp%2Fv2%2Fmedia&parent=176841"}],"wp:term":[{"taxonomy":"category","embeddable":true,"href":"https:\/\/archive.sana.sy\/tr\/index.php?rest_route=%2Fwp%2Fv2%2Fcategories&post=176841"},{"taxonomy":"post_tag","embeddable":true,"href":"https:\/\/archive.sana.sy\/tr\/index.php?rest_route=%2Fwp%2Fv2%2Ftags&post=176841"}],"curies":[{"name":"wp","href":"https:\/\/api.w.org\/{rel}","templated":true}]}}