{"id":176891,"date":"2019-03-09T21:33:41","date_gmt":"2019-03-09T19:33:41","guid":{"rendered":"http:\/\/www.sana.sy\/tr\/?p=176891"},"modified":"2019-03-10T13:35:37","modified_gmt":"2019-03-10T11:35:37","slug":"mikdat-cin-disisleri-bakan-yardimcisini-kabulunde-iki-ulke-arasindaki-iliskilerini-stratejik-iliskilerin-duzeyine-yukseltme","status":"publish","type":"post","link":"https:\/\/archive.sana.sy\/tr\/?p=176891","title":{"rendered":"Mikdat \u00c7in D\u0131\u015fi\u015fleri Bakan Yard\u0131mc\u0131s\u0131n\u0131 Kabul\u00fcnde: \u0130ki \u00dclke Aras\u0131ndaki \u0130li\u015fkilerini Stratejik \u0130li\u015fkilerin D\u00fczeyine Y\u00fckseltme"},"content":{"rendered":"<p style=\"text-align: justify\">\u015eAM &#8211; D\u0131\u015fi\u015fleri ve Gurbet\u00e7iler Bakan\u0131 yard\u0131mc\u0131s\u0131 Dr Faysal Mikdat, bu ak\u015fam \u00c7in Halk Cumhuriyeti D\u0131\u015fi\u015fleri Bakan Yard\u0131mc\u0131s\u0131 Chen Xiaodong ve beraberindeki heyeti kabul etti.<\/p>\n<p style=\"text-align: justify\">Suriye&#8217;deki krizle ilgili sonsiyasi ve saha geli\u015fmeleriyle ilgili ayr\u0131nt\u0131l\u0131 bilgi veren Mikdat, ter\u00f6re kar\u015f\u0131 y\u00fcr\u00fctt\u00fc\u011f\u00fc sava\u015fta Suriye&#8217;nin yan\u0131nda durmas\u0131ndan dolay\u0131 y\u00f6netim ve halk olarak \u00c7in&#8217;e \u015f\u00fckranlar\u0131 yan\u0131nda Suriye Arap Cumhuriyetini toprak ve halk olarak egemenli\u011fi, istiklali ve ba\u011f\u0131ms\u0131zl\u0131\u011f\u0131n\u0131 hedef alan bat\u0131l\u0131 karar tarsar\u0131lar\u0131na kar\u015f\u0131 \u00c7in&#8217;in G\u00fcvenlik Konseyinde &#8220;VETO&#8221; hakk\u0131n\u0131 kullanmas\u0131ndaki ilkeli tutumundan dolay\u0131 derin minnettarl\u0131\u011f\u0131n\u0131 dile getirdi.<\/p>\n<p style=\"text-align: justify\">Mikdat, Amerika Birle\u015fik Devletler&#8217;in ve m\u00fcttefiklerinin Suriye Arap ordusunun Suriye topraklar\u0131n\u0131n \u00e7o\u011funda ter\u00f6rizme kar\u015f\u0131 sa\u011flad\u0131\u011f\u0131 ba\u015far\u0131s\u0131ndan sonra dayatt\u0131klar\u0131 tek tarafl\u0131 ekonomik \u00f6nlemler kar\u015f\u0131s\u0131nda Suriye halk\u0131n\u0131n sa\u011flaml\u0131\u011f\u0131n\u0131 g\u00fc\u00e7lendirmek i\u00e7in \u00c7in\u2019in Suriye\u2019ye sundu\u011fu insani yard\u0131mlar\u0131 hat\u0131rlatt\u0131.<\/p>\n<p style=\"text-align: justify\">Mikdat, Cumhurba\u015fkan\u0131 Be\u015far Esad&#8217;\u0131n her alanda do\u011fuya do\u011fru y\u00f6nelme g\u00f6r\u00fc\u015f\u00fcn\u00fcn somut terc\u00fcmesi say\u0131lan iki \u00fclke aras\u0131ndaki ikili ili\u015fkileri stratejik ili\u015fkilerin d\u00fczeyine ta\u015f\u0131man\u0131n \u00f6nemini belirtti.<\/p>\n<p style=\"text-align: justify\">Toplant\u0131da, bu hedefe ula\u015fmak i\u00e7in her iki taraf\u0131n kabul edilebilir pratik bir dizi tedbirleri ele al\u0131nd\u0131.<\/p>\n<p style=\"text-align: justify\">Kendi y\u00f6n\u00fcnden Chen, Suriye ziyaretinin Suriye &#8211; \u00c7in Halk Cumhuriyeti ili\u015fkilerinin \u00f6nemini belirtmek i\u00e7in geldi\u011fini a\u00e7\u0131klayarak Suriye&#8217;nin b\u00f6lgede \u00c7in Halk Cumhuriyeti ile ili\u015fki kuran \u00fclkelerin ab\u015f\u0131nda geldi\u011fini hat\u0131rlatt\u0131.<\/p>\n<p style=\"text-align: justify\">Chen, \u00c7in&#8217;in G\u00fcvenlik Konseyinde alt\u0131 kez veto hakk\u0131n\u0131 kulland\u0131\u011f\u0131 tek \u00fclkenin Suriye oldu\u011funa i\u015faret etti.<\/p>\n<p style=\"text-align: justify\">Chen, Suriye Devletinin ter\u00f6re kar\u015f\u0131 sava\u015f\u0131nda sa\u011flad\u0131\u011f\u0131 ba\u015far\u0131larla bu \u00e7er\u00e7evede \u00c7in-Suriye i\u015fbirli\u011fini hat\u0131rlatarak s\u00f6z konusu ba\u015far\u0131lar\u0131n say\u0131n Cumhurba\u015fkan\u0131 Be\u015f\u015far Esad ile Ba\u015fkan Xi Jinping&#8217;in hikmetli y\u00f6netimleriyle Suriye halk\u0131n\u0131n direni\u015fi ve sabr\u0131 sayesinde geldi\u011fini belirtti.<\/p>\n<p style=\"text-align: justify\">Her iki dost \u00fclke y\u00f6netimi ve halk\u0131n\u0131n arzular\u0131 d\u00fczeyine gelmesi i\u00e7in ili\u015fkilerin geli\u015ftirlmesi i\u00e7in \u00f6ne s\u00fcr\u00fclen g\u00f6r\u00fc\u015f ve \u00f6nerilerde iki taraf aras\u0131nda g\u00f6r\u00fc\u015f birli\u011fi sa\u011fland\u0131.<\/p>\n<p>\u00c7eviri: S. \u015eahhut.<\/p>\n","protected":false},"excerpt":{"rendered":"<p>\u015eAM &#8211; D\u0131\u015fi\u015fleri ve Gurbet\u00e7iler Bakan\u0131 yard\u0131mc\u0131s\u0131 Dr Faysal Mikdat, bu ak\u015fam \u00c7in Halk Cumhuriyeti D\u0131\u015fi\u015fleri Bakan Yard\u0131mc\u0131s\u0131 Chen Xiaodong ve beraberindeki heyeti kabul etti. Suriye&#8217;deki krizle ilgili sonsiyasi ve saha geli\u015fmeleriyle ilgili ayr\u0131nt\u0131l\u0131 bilgi veren Mikdat, ter\u00f6re kar\u015f\u0131 y\u00fcr\u00fctt\u00fc\u011f\u00fc sava\u015fta Suriye&#8217;nin yan\u0131nda durmas\u0131ndan dolay\u0131 y\u00f6netim ve halk olarak \u00c7in&#8217;e \u015f\u00fckranlar\u0131 yan\u0131nda Suriye Arap Cumhuriyetini &hellip;<\/p>\n","protected":false},"author":1,"featured_media":176892,"comment_status":"closed","ping_status":"closed","sticky":false,"template":"","format":"standard","meta":{"footnotes":""},"categories":[479,17988,478],"tags":[],"class_list":["post-176891","post","type-post","status-publish","format-standard","has-post-thumbnail","","category-haberler-yerel","category-son-haberler","category-yerel"],"_links":{"self":[{"href":"https:\/\/archive.sana.sy\/tr\/index.php?rest_route=\/wp\/v2\/posts\/176891","targetHints":{"allow":["GET"]}}],"collection":[{"href":"https:\/\/archive.sana.sy\/tr\/index.php?rest_route=\/wp\/v2\/posts"}],"about":[{"href":"https:\/\/archive.sana.sy\/tr\/index.php?rest_route=\/wp\/v2\/types\/post"}],"author":[{"embeddable":true,"href":"https:\/\/archive.sana.sy\/tr\/index.php?rest_route=\/wp\/v2\/users\/1"}],"replies":[{"embeddable":true,"href":"https:\/\/archive.sana.sy\/tr\/index.php?rest_route=%2Fwp%2Fv2%2Fcomments&post=176891"}],"version-history":[{"count":0,"href":"https:\/\/archive.sana.sy\/tr\/index.php?rest_route=\/wp\/v2\/posts\/176891\/revisions"}],"wp:featuredmedia":[{"embeddable":true,"href":"https:\/\/archive.sana.sy\/tr\/index.php?rest_route=\/wp\/v2\/media\/176892"}],"wp:attachment":[{"href":"https:\/\/archive.sana.sy\/tr\/index.php?rest_route=%2Fwp%2Fv2%2Fmedia&parent=176891"}],"wp:term":[{"taxonomy":"category","embeddable":true,"href":"https:\/\/archive.sana.sy\/tr\/index.php?rest_route=%2Fwp%2Fv2%2Fcategories&post=176891"},{"taxonomy":"post_tag","embeddable":true,"href":"https:\/\/archive.sana.sy\/tr\/index.php?rest_route=%2Fwp%2Fv2%2Ftags&post=176891"}],"curies":[{"name":"wp","href":"https:\/\/api.w.org\/{rel}","templated":true}]}}