{"id":176895,"date":"2019-03-10T13:37:53","date_gmt":"2019-03-10T11:37:53","guid":{"rendered":"http:\/\/www.sana.sy\/tr\/?p=176895"},"modified":"2019-03-10T13:37:53","modified_gmt":"2019-03-10T11:37:53","slug":"sana-muhabiri-ordu-birliklerimizin-hama-kirsalinin-kuzeyinde-sivil-bolgelere-saldirilarini-surduren-teroristlerin-bu-saldirilarda-kullandiklari-yuvalar-karargahlar-araclar-ve-fuze-rampalarini-muhtev","status":"publish","type":"post","link":"https:\/\/archive.sana.sy\/tr\/?p=176895","title":{"rendered":"SANA muhabiri ordu birliklerimizin Hama k\u0131rsal\u0131n\u0131n kuzeyinde sivil b\u00f6lgelere sald\u0131r\u0131lar\u0131n\u0131 s\u00fcrd\u00fcren ter\u00f6ristlerin bu sald\u0131r\u0131larda kulland\u0131klar\u0131 yuvalar, karargahlar, ara\u00e7lar ve f\u00fcze rampalar\u0131n\u0131 muhtevalar\u0131yla imha ettiklerini belirtti."},"content":{"rendered":"<p>SANA muhabiri ordu birliklerimizin Hama k\u0131rsal\u0131n\u0131n kuzeyinde sivil b\u00f6lgelere sald\u0131r\u0131lar\u0131n\u0131 s\u00fcrd\u00fcren ter\u00f6ristlerin bu sald\u0131r\u0131larda kulland\u0131klar\u0131 yuvalar, karargahlar, ara\u00e7lar ve f\u00fcze rampalar\u0131n\u0131 muhtevalar\u0131yla imha ettiklerini belirtti.<\/p>\n","protected":false},"excerpt":{"rendered":"<p>SANA muhabiri ordu birliklerimizin Hama k\u0131rsal\u0131n\u0131n kuzeyinde sivil b\u00f6lgelere sald\u0131r\u0131lar\u0131n\u0131 s\u00fcrd\u00fcren ter\u00f6ristlerin bu sald\u0131r\u0131larda kulland\u0131klar\u0131 yuvalar, karargahlar, ara\u00e7lar ve f\u00fcze rampalar\u0131n\u0131 muhtevalar\u0131yla imha ettiklerini belirtti.<\/p>\n","protected":false},"author":1,"featured_media":0,"comment_status":"closed","ping_status":"closed","sticky":false,"template":"","format":"standard","meta":{"footnotes":""},"categories":[17991],"tags":[],"class_list":["post-176895","post","type-post","status-publish","format-standard","","category-son-dakika"],"_links":{"self":[{"href":"https:\/\/archive.sana.sy\/tr\/index.php?rest_route=\/wp\/v2\/posts\/176895","targetHints":{"allow":["GET"]}}],"collection":[{"href":"https:\/\/archive.sana.sy\/tr\/index.php?rest_route=\/wp\/v2\/posts"}],"about":[{"href":"https:\/\/archive.sana.sy\/tr\/index.php?rest_route=\/wp\/v2\/types\/post"}],"author":[{"embeddable":true,"href":"https:\/\/archive.sana.sy\/tr\/index.php?rest_route=\/wp\/v2\/users\/1"}],"replies":[{"embeddable":true,"href":"https:\/\/archive.sana.sy\/tr\/index.php?rest_route=%2Fwp%2Fv2%2Fcomments&post=176895"}],"version-history":[{"count":0,"href":"https:\/\/archive.sana.sy\/tr\/index.php?rest_route=\/wp\/v2\/posts\/176895\/revisions"}],"wp:attachment":[{"href":"https:\/\/archive.sana.sy\/tr\/index.php?rest_route=%2Fwp%2Fv2%2Fmedia&parent=176895"}],"wp:term":[{"taxonomy":"category","embeddable":true,"href":"https:\/\/archive.sana.sy\/tr\/index.php?rest_route=%2Fwp%2Fv2%2Fcategories&post=176895"},{"taxonomy":"post_tag","embeddable":true,"href":"https:\/\/archive.sana.sy\/tr\/index.php?rest_route=%2Fwp%2Fv2%2Ftags&post=176895"}],"curies":[{"name":"wp","href":"https:\/\/api.w.org\/{rel}","templated":true}]}}