{"id":176898,"date":"2019-03-10T13:44:13","date_gmt":"2019-03-10T11:44:13","guid":{"rendered":"http:\/\/www.sana.sy\/tr\/?p=176898"},"modified":"2019-03-11T14:24:05","modified_gmt":"2019-03-11T12:24:05","slug":"teror-karargahlari-ve-araclari-imha-edildi","status":"publish","type":"post","link":"https:\/\/archive.sana.sy\/tr\/?p=176898","title":{"rendered":"Ter\u00f6r Karargahlar\u0131 ve Ara\u00e7lar\u0131 \u0130mha Edildi"},"content":{"rendered":"<p>HAMA \u2013 Ordu birliklerimiz Hama k\u0131rsal\u0131n\u0131n kuzeyinde gerginli\u011fi azaltma anla\u015fmas\u0131na ihlallerini ve sivil b\u00f6lgelere sald\u0131r\u0131lar\u0131n\u0131 s\u00fcrd\u00fcren ter\u00f6ristlerin bu sald\u0131r\u0131larda kulland\u0131klar\u0131 yuvalar, karargahlar, ara\u00e7lar ve f\u00fcze rampalar\u0131n\u0131 muhtevalar\u0131yla imha etti.<\/p>\n<p>Askeri bir kaynak Hama k\u0131rsal\u0131n\u0131n kuzeyinde vatanda\u015flar\u0131n can ve mal g\u00fcvenli\u011fini koruyan ordu birliklerimizin Latamina, Arbain ve Kfarzeyta b\u00f6lgelerinde sald\u0131rgan ter\u00f6ristlerin karargahlar\u0131, f\u00fcze rampalar\u0131, ve ara\u00e7lar\u0131n\u0131 dakik operasyonlarla hedef ald\u0131klar\u0131n\u0131 ifade etti.<\/p>\n<p>Kaynak f\u00fcze ve top ate\u015fine tutulan ter\u00f6r karargahlar\u0131 ve ara\u00e7lar\u0131n i\u00e7lerinde bulunan ter\u00f6ristler, silahlar ve m\u00fchimmatla imha edildiklerinin alt\u0131n\u0131 \u00e7izdi.<\/p>\n","protected":false},"excerpt":{"rendered":"<p>HAMA \u2013 Ordu birliklerimiz Hama k\u0131rsal\u0131n\u0131n kuzeyinde gerginli\u011fi azaltma anla\u015fmas\u0131na ihlallerini ve sivil b\u00f6lgelere sald\u0131r\u0131lar\u0131n\u0131 s\u00fcrd\u00fcren ter\u00f6ristlerin bu sald\u0131r\u0131larda kulland\u0131klar\u0131 yuvalar, karargahlar, ara\u00e7lar ve f\u00fcze rampalar\u0131n\u0131 muhtevalar\u0131yla imha etti. Askeri bir kaynak Hama k\u0131rsal\u0131n\u0131n kuzeyinde vatanda\u015flar\u0131n can ve mal g\u00fcvenli\u011fini koruyan ordu birliklerimizin Latamina, Arbain ve Kfarzeyta b\u00f6lgelerinde sald\u0131rgan ter\u00f6ristlerin karargahlar\u0131, f\u00fcze rampalar\u0131, ve ara\u00e7lar\u0131n\u0131 &hellip;<\/p>\n","protected":false},"author":1,"featured_media":176899,"comment_status":"closed","ping_status":"closed","sticky":false,"template":"","format":"standard","meta":{"footnotes":""},"categories":[479,575,17988,478],"tags":[],"class_list":["post-176898","post","type-post","status-publish","format-standard","has-post-thumbnail","","category-haberler-yerel","category-olaylar-ve-gercekler","category-son-haberler","category-yerel"],"_links":{"self":[{"href":"https:\/\/archive.sana.sy\/tr\/index.php?rest_route=\/wp\/v2\/posts\/176898","targetHints":{"allow":["GET"]}}],"collection":[{"href":"https:\/\/archive.sana.sy\/tr\/index.php?rest_route=\/wp\/v2\/posts"}],"about":[{"href":"https:\/\/archive.sana.sy\/tr\/index.php?rest_route=\/wp\/v2\/types\/post"}],"author":[{"embeddable":true,"href":"https:\/\/archive.sana.sy\/tr\/index.php?rest_route=\/wp\/v2\/users\/1"}],"replies":[{"embeddable":true,"href":"https:\/\/archive.sana.sy\/tr\/index.php?rest_route=%2Fwp%2Fv2%2Fcomments&post=176898"}],"version-history":[{"count":0,"href":"https:\/\/archive.sana.sy\/tr\/index.php?rest_route=\/wp\/v2\/posts\/176898\/revisions"}],"wp:featuredmedia":[{"embeddable":true,"href":"https:\/\/archive.sana.sy\/tr\/index.php?rest_route=\/wp\/v2\/media\/176899"}],"wp:attachment":[{"href":"https:\/\/archive.sana.sy\/tr\/index.php?rest_route=%2Fwp%2Fv2%2Fmedia&parent=176898"}],"wp:term":[{"taxonomy":"category","embeddable":true,"href":"https:\/\/archive.sana.sy\/tr\/index.php?rest_route=%2Fwp%2Fv2%2Fcategories&post=176898"},{"taxonomy":"post_tag","embeddable":true,"href":"https:\/\/archive.sana.sy\/tr\/index.php?rest_route=%2Fwp%2Fv2%2Ftags&post=176898"}],"curies":[{"name":"wp","href":"https:\/\/api.w.org\/{rel}","templated":true}]}}