{"id":176901,"date":"2019-03-10T13:54:27","date_gmt":"2019-03-10T11:54:27","guid":{"rendered":"http:\/\/www.sana.sy\/tr\/?p=176901"},"modified":"2019-03-11T14:25:41","modified_gmt":"2019-03-11T12:25:41","slug":"176901","status":"publish","type":"post","link":"https:\/\/archive.sana.sy\/tr\/?p=176901","title":{"rendered":"Zarif: Bunu Sadece B\u00f6lge Halklar\u0131 Ba\u015farabilir"},"content":{"rendered":"<p>BA\u011eDAT \u2013 \u0130ran D\u0131\u015fi\u015fleri Bakan\u0131 Muhammed Cevat Zarif; ter\u00f6re kar\u015f\u0131 sava\u015flar\u0131nda \u00fclkesinin Suriye ve Irak\u2019\u0131 destekleyen tutumunu vurgularken, iki devletin ter\u00f6re kar\u015f\u0131 verdikleri m\u00fccadelenin t\u00fcm b\u00f6lge a\u00e7\u0131s\u0131ndan gurur kayna\u011f\u0131 oldu\u011funu ifade etti.<\/p>\n<p>Ba\u011fdat\u2019a bulundu\u011fu i\u015f ziyaretinde bulundu\u011fu televizyon r\u00f6portaj\u0131nda Zarif; \u0130ran\u2019\u0131n her daim b\u00f6lge halk\u0131ndan yana oldu\u011funu s\u00f6yledi.<\/p>\n<p>\u0130ran\u2019\u0131n, yabanc\u0131lar\u0131n b\u00f6lge ve halklar\u0131n\u0131 hegemonyaya almalar\u0131na kesinlikle kar\u015f\u0131 oldu\u011funu belirten Zarif; t\u00fcm b\u00f6lge \u00fclkeleri ve halklar\u0131n\u0131 ter\u00f6re kar\u015f\u0131 m\u00fccadelede Suriye ve Irak\u2019\u0131 desteklemelerine davet etti.<\/p>\n<p>Zarif b\u00f6lgenin istikrar ve g\u00fcvenli\u011finin sadece ve sadece b\u00f6lge halklar\u0131 taraf\u0131ndan sa\u011flanabilece\u011finin alt\u0131n\u0131 \u00e7izdi.<\/p>\n","protected":false},"excerpt":{"rendered":"<p>BA\u011eDAT \u2013 \u0130ran D\u0131\u015fi\u015fleri Bakan\u0131 Muhammed Cevat Zarif; ter\u00f6re kar\u015f\u0131 sava\u015flar\u0131nda \u00fclkesinin Suriye ve Irak\u2019\u0131 destekleyen tutumunu vurgularken, iki devletin ter\u00f6re kar\u015f\u0131 verdikleri m\u00fccadelenin t\u00fcm b\u00f6lge a\u00e7\u0131s\u0131ndan gurur kayna\u011f\u0131 oldu\u011funu ifade etti. Ba\u011fdat\u2019a bulundu\u011fu i\u015f ziyaretinde bulundu\u011fu televizyon r\u00f6portaj\u0131nda Zarif; \u0130ran\u2019\u0131n her daim b\u00f6lge halk\u0131ndan yana oldu\u011funu s\u00f6yledi. \u0130ran\u2019\u0131n, yabanc\u0131lar\u0131n b\u00f6lge ve halklar\u0131n\u0131 hegemonyaya almalar\u0131na &hellip;<\/p>\n","protected":false},"author":1,"featured_media":176902,"comment_status":"closed","ping_status":"closed","sticky":false,"template":"","format":"standard","meta":{"footnotes":""},"categories":[458,459,17988],"tags":[],"class_list":["post-176901","post","type-post","status-publish","format-standard","has-post-thumbnail","","category-dunya1","category-haberler-arap-uluslararasi-politika","category-son-haberler"],"_links":{"self":[{"href":"https:\/\/archive.sana.sy\/tr\/index.php?rest_route=\/wp\/v2\/posts\/176901","targetHints":{"allow":["GET"]}}],"collection":[{"href":"https:\/\/archive.sana.sy\/tr\/index.php?rest_route=\/wp\/v2\/posts"}],"about":[{"href":"https:\/\/archive.sana.sy\/tr\/index.php?rest_route=\/wp\/v2\/types\/post"}],"author":[{"embeddable":true,"href":"https:\/\/archive.sana.sy\/tr\/index.php?rest_route=\/wp\/v2\/users\/1"}],"replies":[{"embeddable":true,"href":"https:\/\/archive.sana.sy\/tr\/index.php?rest_route=%2Fwp%2Fv2%2Fcomments&post=176901"}],"version-history":[{"count":0,"href":"https:\/\/archive.sana.sy\/tr\/index.php?rest_route=\/wp\/v2\/posts\/176901\/revisions"}],"wp:featuredmedia":[{"embeddable":true,"href":"https:\/\/archive.sana.sy\/tr\/index.php?rest_route=\/wp\/v2\/media\/176902"}],"wp:attachment":[{"href":"https:\/\/archive.sana.sy\/tr\/index.php?rest_route=%2Fwp%2Fv2%2Fmedia&parent=176901"}],"wp:term":[{"taxonomy":"category","embeddable":true,"href":"https:\/\/archive.sana.sy\/tr\/index.php?rest_route=%2Fwp%2Fv2%2Fcategories&post=176901"},{"taxonomy":"post_tag","embeddable":true,"href":"https:\/\/archive.sana.sy\/tr\/index.php?rest_route=%2Fwp%2Fv2%2Ftags&post=176901"}],"curies":[{"name":"wp","href":"https:\/\/api.w.org\/{rel}","templated":true}]}}