{"id":177346,"date":"2019-03-15T19:15:38","date_gmt":"2019-03-15T17:15:38","guid":{"rendered":"http:\/\/www.sana.sy\/tr\/?p=177346"},"modified":"2019-03-16T13:02:51","modified_gmt":"2019-03-16T11:02:51","slug":"suriye-yeni-zelandada-iki-mescidi-hedef-alan-teror-eylemini-siddetle-kinadi","status":"publish","type":"post","link":"https:\/\/archive.sana.sy\/tr\/?p=177346","title":{"rendered":"Suriye Yeni Zelanda&#8217;da \u0130ki Mescidi Hedef Alan Ter\u00f6r Eylemini \u015eiddetle K\u0131nad\u0131"},"content":{"rendered":"<p style=\"text-align: justify;\">\u015eAM \u2013 Suriye Yeni Zelanda&#8217;da iki mescidi hedf alan ter\u00f6r eylemini \u015fiddetle k\u0131nayarak s\u00f6z konusu katliam\u0131n ter\u00f6r\u00fc ortadan kald\u0131rmak i\u00e7in b\u00fct\u00fcn \u00e7abalar\u0131n birle\u015ftirilmesine y\u00f6nelik gerekli ihtiyac\u0131 ortaya koydu\u011funu belirtti.<\/p>\n<p style=\"text-align: justify;\">D\u0131\u015fi\u015fleri ve Gurbet\u00e7iler Bakanl\u0131\u011f\u0131nda Resmi Kaynak SANA&#8217;ya a\u00e7\u0131klamas\u0131nda: &#8220;Suriye Arap Cumhuriyeti, Yeni Zelanda&#8217;da \u00e7ok say\u0131da vatanda\u015f\u0131n \u00f6l\u00fc ve yaral\u0131 d\u00fc\u015fmesine yol a\u00e7an iki camiye y\u00f6nelik korkak ter\u00f6r sald\u0131r\u0131s\u0131n\u0131 \u00e7ok sert \u015fekilde k\u0131nar&#8221; dedi.<\/p>\n<p style=\"text-align: justify;\">Kaynak: S\u00f6z konusu \u0131rk\u00e7\u0131 katliam\u0131n Hanif \u0130slam dinini hedef alan ter\u00f6rizmin ortadan kald\u0131r\u0131lmas\u0131, a\u015f\u0131r\u0131l\u0131k yanl\u0131s\u0131 fikirler ve nefret e\u011filimleriyle m\u00fccadelede b\u00fct\u00fcn \u00e7abalar\u0131n acil olarak birle\u015ftirilmesi ihtiyac\u0131n\u0131 vurgulamaktad\u0131r&#8221; dedi.<\/p>\n<p style=\"text-align: justify;\">Bilinece\u011fi \u00fczere Yeni Zelanda&#8217;n\u0131n Christchurch \u015fehrinde bu sabah iki mescidi hedef alan ter\u00f6r sald\u0131r\u0131s\u0131 sonucunda 49 ki\u015fi \u00f6lm\u00fc\u015f onlarca ki\u015fi de yaralanm\u0131\u015ft\u0131.<\/p>\n<p>\u00c7eviri: S. \u015eahut<\/p>\n","protected":false},"excerpt":{"rendered":"<p>\u015eAM \u2013 Suriye Yeni Zelanda&#8217;da iki mescidi hedf alan ter\u00f6r eylemini \u015fiddetle k\u0131nayarak s\u00f6z konusu katliam\u0131n ter\u00f6r\u00fc ortadan kald\u0131rmak i\u00e7in b\u00fct\u00fcn \u00e7abalar\u0131n birle\u015ftirilmesine y\u00f6nelik gerekli ihtiyac\u0131 ortaya koydu\u011funu belirtti. D\u0131\u015fi\u015fleri ve Gurbet\u00e7iler Bakanl\u0131\u011f\u0131nda Resmi Kaynak SANA&#8217;ya a\u00e7\u0131klamas\u0131nda: &#8220;Suriye Arap Cumhuriyeti, Yeni Zelanda&#8217;da \u00e7ok say\u0131da vatanda\u015f\u0131n \u00f6l\u00fc ve yaral\u0131 d\u00fc\u015fmesine yol a\u00e7an iki camiye y\u00f6nelik korkak &hellip;<\/p>\n","protected":false},"author":1,"featured_media":177347,"comment_status":"closed","ping_status":"closed","sticky":false,"template":"","format":"standard","meta":{"footnotes":""},"categories":[479,17988,478],"tags":[],"class_list":["post-177346","post","type-post","status-publish","format-standard","has-post-thumbnail","","category-haberler-yerel","category-son-haberler","category-yerel"],"_links":{"self":[{"href":"https:\/\/archive.sana.sy\/tr\/index.php?rest_route=\/wp\/v2\/posts\/177346","targetHints":{"allow":["GET"]}}],"collection":[{"href":"https:\/\/archive.sana.sy\/tr\/index.php?rest_route=\/wp\/v2\/posts"}],"about":[{"href":"https:\/\/archive.sana.sy\/tr\/index.php?rest_route=\/wp\/v2\/types\/post"}],"author":[{"embeddable":true,"href":"https:\/\/archive.sana.sy\/tr\/index.php?rest_route=\/wp\/v2\/users\/1"}],"replies":[{"embeddable":true,"href":"https:\/\/archive.sana.sy\/tr\/index.php?rest_route=%2Fwp%2Fv2%2Fcomments&post=177346"}],"version-history":[{"count":0,"href":"https:\/\/archive.sana.sy\/tr\/index.php?rest_route=\/wp\/v2\/posts\/177346\/revisions"}],"wp:featuredmedia":[{"embeddable":true,"href":"https:\/\/archive.sana.sy\/tr\/index.php?rest_route=\/wp\/v2\/media\/177347"}],"wp:attachment":[{"href":"https:\/\/archive.sana.sy\/tr\/index.php?rest_route=%2Fwp%2Fv2%2Fmedia&parent=177346"}],"wp:term":[{"taxonomy":"category","embeddable":true,"href":"https:\/\/archive.sana.sy\/tr\/index.php?rest_route=%2Fwp%2Fv2%2Fcategories&post=177346"},{"taxonomy":"post_tag","embeddable":true,"href":"https:\/\/archive.sana.sy\/tr\/index.php?rest_route=%2Fwp%2Fv2%2Ftags&post=177346"}],"curies":[{"name":"wp","href":"https:\/\/api.w.org\/{rel}","templated":true}]}}