{"id":177368,"date":"2019-03-16T10:01:14","date_gmt":"2019-03-16T08:01:14","guid":{"rendered":"http:\/\/www.sana.sy\/tr\/?p=177368"},"modified":"2019-03-17T13:44:34","modified_gmt":"2019-03-17T11:44:34","slug":"ordu-teror-ihlalleri-ve-saldirilarina-karsi-koymaya-devam-ediyor","status":"publish","type":"post","link":"https:\/\/archive.sana.sy\/tr\/?p=177368","title":{"rendered":"Ordu Ter\u00f6r \u0130hlalleri ve Sald\u0131r\u0131lar\u0131na Kar\u015f\u0131 Koymaya Devam Ediyor"},"content":{"rendered":"<p>HAMA \u2013 Sekiz y\u0131ld\u0131r Suriye ve halk\u0131n\u0131 \u00fcst\u00fcn fedakarl\u0131klarla kahramanca savunan ordu birliklerimiz Hama k\u0131rsal\u0131nda d\u0131\u015f g\u00fc\u00e7lere tabi ter\u00f6ristlerin gerginli\u011fi azaltma anla\u015fmas\u0131na ihlalleri ve sivil yerle\u015fim alanlar\u0131na kar\u015f\u0131 sald\u0131r\u0131lar\u0131na ba\u015far\u0131yla kar\u015f\u0131 koymaya devam ediyor.<\/p>\n<p>SANA\u2019n\u0131n Hama muhabiri ordu birliklerimizin ge\u00e7en saatler i\u00e7inde Hama\u2019n\u0131n kuzeyinde \u015eeriat ve Tveyna beldeleri eksenlerinden Kreyyim beldesine sald\u0131rmaya \u00e7al\u0131\u015fan ter\u00f6ristlerle \u015fiddetli \u00e7at\u0131\u015fmalara girdiklerini aktard\u0131.<\/p>\n<p>\u015eiddetli \u00e7at\u0131\u015fmalarda sald\u0131rgan ter\u00f6ristlerin \u00e7o\u011funun kulland\u0131klar\u0131 ara\u00e7lar ve silahlarla etkisiz hale getirildiklerini belirten muhabir; sa\u011f kalan ter\u00f6ristlerin arkalar\u0131nda bir\u00e7ok ceset ve farkl\u0131 t\u00fcr silahlar b\u0131rak\u0131p geldikleri yerlere geri ka\u00e7t\u0131klar\u0131n\u0131 kaydetti.<\/p>\n<p>Muhabir ordu birliklerimizin buna e\u015f zamanl\u0131 olarak yine Hama k\u0131rsal\u0131n\u0131n kuzeyi Cemmasa Beldesi kenarlar\u0131nda civardaki b\u00f6lgelere sald\u0131ran ter\u00f6ristlerin mevkilerini f\u00fcze ve toplarla hedef ald\u0131klar\u0131n\u0131 s\u00f6yledi. Operasyonda bir\u00e7ok ter\u00f6ristin \u00f6ld\u00fcr\u00fcld\u00fc\u011f\u00fcne dikkat \u00e7eken muhabir; sald\u0131r\u0131lar\u0131nda kulland\u0131klar\u0131 f\u00fcze ve havan topu rampalar\u0131n\u0131n da imha edildiklerini s\u00f6zlerine ekledi.<\/p>\n","protected":false},"excerpt":{"rendered":"<p>HAMA \u2013 Sekiz y\u0131ld\u0131r Suriye ve halk\u0131n\u0131 \u00fcst\u00fcn fedakarl\u0131klarla kahramanca savunan ordu birliklerimiz Hama k\u0131rsal\u0131nda d\u0131\u015f g\u00fc\u00e7lere tabi ter\u00f6ristlerin gerginli\u011fi azaltma anla\u015fmas\u0131na ihlalleri ve sivil yerle\u015fim alanlar\u0131na kar\u015f\u0131 sald\u0131r\u0131lar\u0131na ba\u015far\u0131yla kar\u015f\u0131 koymaya devam ediyor. SANA\u2019n\u0131n Hama muhabiri ordu birliklerimizin ge\u00e7en saatler i\u00e7inde Hama\u2019n\u0131n kuzeyinde \u015eeriat ve Tveyna beldeleri eksenlerinden Kreyyim beldesine sald\u0131rmaya \u00e7al\u0131\u015fan ter\u00f6ristlerle \u015fiddetli &hellip;<\/p>\n","protected":false},"author":1,"featured_media":177369,"comment_status":"closed","ping_status":"closed","sticky":false,"template":"","format":"standard","meta":{"footnotes":""},"categories":[479,575,17988,478],"tags":[],"class_list":["post-177368","post","type-post","status-publish","format-standard","has-post-thumbnail","","category-haberler-yerel","category-olaylar-ve-gercekler","category-son-haberler","category-yerel"],"_links":{"self":[{"href":"https:\/\/archive.sana.sy\/tr\/index.php?rest_route=\/wp\/v2\/posts\/177368","targetHints":{"allow":["GET"]}}],"collection":[{"href":"https:\/\/archive.sana.sy\/tr\/index.php?rest_route=\/wp\/v2\/posts"}],"about":[{"href":"https:\/\/archive.sana.sy\/tr\/index.php?rest_route=\/wp\/v2\/types\/post"}],"author":[{"embeddable":true,"href":"https:\/\/archive.sana.sy\/tr\/index.php?rest_route=\/wp\/v2\/users\/1"}],"replies":[{"embeddable":true,"href":"https:\/\/archive.sana.sy\/tr\/index.php?rest_route=%2Fwp%2Fv2%2Fcomments&post=177368"}],"version-history":[{"count":0,"href":"https:\/\/archive.sana.sy\/tr\/index.php?rest_route=\/wp\/v2\/posts\/177368\/revisions"}],"wp:featuredmedia":[{"embeddable":true,"href":"https:\/\/archive.sana.sy\/tr\/index.php?rest_route=\/wp\/v2\/media\/177369"}],"wp:attachment":[{"href":"https:\/\/archive.sana.sy\/tr\/index.php?rest_route=%2Fwp%2Fv2%2Fmedia&parent=177368"}],"wp:term":[{"taxonomy":"category","embeddable":true,"href":"https:\/\/archive.sana.sy\/tr\/index.php?rest_route=%2Fwp%2Fv2%2Fcategories&post=177368"},{"taxonomy":"post_tag","embeddable":true,"href":"https:\/\/archive.sana.sy\/tr\/index.php?rest_route=%2Fwp%2Fv2%2Ftags&post=177368"}],"curies":[{"name":"wp","href":"https:\/\/api.w.org\/{rel}","templated":true}]}}