{"id":177372,"date":"2019-03-16T14:00:30","date_gmt":"2019-03-16T12:00:30","guid":{"rendered":"http:\/\/www.sana.sy\/tr\/?p=177372"},"modified":"2019-03-17T14:07:56","modified_gmt":"2019-03-17T12:07:56","slug":"abd-koalisyonu-sivilleri-bir-kez-daha-bombaladi","status":"publish","type":"post","link":"https:\/\/archive.sana.sy\/tr\/?p=177372","title":{"rendered":"ABD Koalisyonu Sivilleri Bir Kez Daha Bombalad\u0131"},"content":{"rendered":"<p>DEYREZZOR \u2013 ABD komutas\u0131ndaki uluslararas\u0131 koalisyon g\u00fc\u00e7lerine tabi sava\u015f u\u00e7aklar\u0131 bug\u00fcn Deyrezzor \u0130linin do\u011fusu Ba\u011fuz Beldesi civar\u0131nda yer alan kamp\u0131 onlarca kez bombalad\u0131.<\/p>\n<p>Deyrezzor\u2019da yerel kaynaklar SANA\u2019ya a\u00e7\u0131klamalar\u0131nda koalisyona tabi sava\u015f u\u00e7aklar\u0131n bug\u00fcn ter\u00f6r ve sald\u0131r\u0131lardan ka\u00e7an sivillerin i\u00e7inde ya\u015fad\u0131\u011f\u0131 Ba\u011fuz Kamp\u0131n\u0131 onlarca kez bombalad\u0131klar\u0131n\u0131 aktard\u0131.<\/p>\n<p>Yerel kaynaklar bombard\u0131man sonucunda I\u015e\u0130D ter\u00f6ristinde ka\u00e7an ve geneli \u00e7ocuk ve kad\u0131nlardan ibaret bir\u00e7ok sivil vatanda\u015f\u0131n \u015fehit ve yaral\u0131 d\u00fc\u015ft\u00fcklerine dikkat \u00e7ekti.<\/p>\n<p>Uluslararas\u0131 kanun ve kararlara ayk\u0131r\u0131 ABD koalisyonu bu ay\u0131n 11\u2019inde Ba\u011fuz Kamp\u0131n\u0131 bombalamalar\u0131 sonucunda geneli \u00e7ocuk ve kad\u0131nlardan olu\u015fan 50 sivil vatanda\u015f \u015fehit, onlarca sivil vatanda\u015f da yaral\u0131 d\u00fc\u015fm\u00fc\u015flerdi.<\/p>\n","protected":false},"excerpt":{"rendered":"<p>DEYREZZOR \u2013 ABD komutas\u0131ndaki uluslararas\u0131 koalisyon g\u00fc\u00e7lerine tabi sava\u015f u\u00e7aklar\u0131 bug\u00fcn Deyrezzor \u0130linin do\u011fusu Ba\u011fuz Beldesi civar\u0131nda yer alan kamp\u0131 onlarca kez bombalad\u0131. Deyrezzor\u2019da yerel kaynaklar SANA\u2019ya a\u00e7\u0131klamalar\u0131nda koalisyona tabi sava\u015f u\u00e7aklar\u0131n bug\u00fcn ter\u00f6r ve sald\u0131r\u0131lardan ka\u00e7an sivillerin i\u00e7inde ya\u015fad\u0131\u011f\u0131 Ba\u011fuz Kamp\u0131n\u0131 onlarca kez bombalad\u0131klar\u0131n\u0131 aktard\u0131. Yerel kaynaklar bombard\u0131man sonucunda I\u015e\u0130D ter\u00f6ristinde ka\u00e7an ve geneli &hellip;<\/p>\n","protected":false},"author":1,"featured_media":177373,"comment_status":"closed","ping_status":"closed","sticky":false,"template":"","format":"standard","meta":{"footnotes":""},"categories":[479,575,17988,478],"tags":[],"class_list":["post-177372","post","type-post","status-publish","format-standard","has-post-thumbnail","","category-haberler-yerel","category-olaylar-ve-gercekler","category-son-haberler","category-yerel"],"_links":{"self":[{"href":"https:\/\/archive.sana.sy\/tr\/index.php?rest_route=\/wp\/v2\/posts\/177372","targetHints":{"allow":["GET"]}}],"collection":[{"href":"https:\/\/archive.sana.sy\/tr\/index.php?rest_route=\/wp\/v2\/posts"}],"about":[{"href":"https:\/\/archive.sana.sy\/tr\/index.php?rest_route=\/wp\/v2\/types\/post"}],"author":[{"embeddable":true,"href":"https:\/\/archive.sana.sy\/tr\/index.php?rest_route=\/wp\/v2\/users\/1"}],"replies":[{"embeddable":true,"href":"https:\/\/archive.sana.sy\/tr\/index.php?rest_route=%2Fwp%2Fv2%2Fcomments&post=177372"}],"version-history":[{"count":0,"href":"https:\/\/archive.sana.sy\/tr\/index.php?rest_route=\/wp\/v2\/posts\/177372\/revisions"}],"wp:featuredmedia":[{"embeddable":true,"href":"https:\/\/archive.sana.sy\/tr\/index.php?rest_route=\/wp\/v2\/media\/177373"}],"wp:attachment":[{"href":"https:\/\/archive.sana.sy\/tr\/index.php?rest_route=%2Fwp%2Fv2%2Fmedia&parent=177372"}],"wp:term":[{"taxonomy":"category","embeddable":true,"href":"https:\/\/archive.sana.sy\/tr\/index.php?rest_route=%2Fwp%2Fv2%2Fcategories&post=177372"},{"taxonomy":"post_tag","embeddable":true,"href":"https:\/\/archive.sana.sy\/tr\/index.php?rest_route=%2Fwp%2Fv2%2Ftags&post=177372"}],"curies":[{"name":"wp","href":"https:\/\/api.w.org\/{rel}","templated":true}]}}