{"id":177388,"date":"2019-03-16T13:33:36","date_gmt":"2019-03-16T11:33:36","guid":{"rendered":"http:\/\/www.sana.sy\/tr\/?p=177388"},"modified":"2019-03-17T14:08:00","modified_gmt":"2019-03-17T12:08:00","slug":"tazminat-ve-parsellere-ragmen-bu-evlerde-kaldilar","status":"publish","type":"post","link":"https:\/\/archive.sana.sy\/tr\/?p=177388","title":{"rendered":"Tazminat ve Parsellere Ra\u011fmen Bu Evlerde Kald\u0131lar"},"content":{"rendered":"<p>HASEKE \u2013 Haseke k\u0131rsal\u0131n\u0131n g\u00fcneyinde \u015eehit Basil el Esad Baraj\u0131nda bu y\u0131l yo\u011fun ya\u011f\u0131\u015flar sonucunda su seviyesinin y\u00fckselmesiyle baraj alan\u0131nda bulunan vatanda\u015flara ait bir\u00e7ok ev sular\u0131n i\u00e7inde kald\u0131.<\/p>\n<p>Evleri sular\u0131n i\u00e7inde kalan vatanda\u015flar SANA muhabirine yapt\u0131klar\u0131 a\u00e7\u0131klamalarda; barajda su seviyesinin artmas\u0131yla onlarca evin yan\u0131 s\u0131ra tah\u0131l ekili bir k\u0131s\u0131m arazilerin sular alt\u0131nda kald\u0131klar\u0131n\u0131 s\u00f6yledi.<\/p>\n<p>Haseke \u0130l Su \u0130\u015fleri M\u00fcd\u00fcr\u00fc Abd\u00fcrrezzak el Avvek SANA\u2019ya a\u00e7\u0131klamalar\u0131nda; baraj alan\u0131nda bulunan vatanda\u015flar\u0131n orada kanunlara ayk\u0131r\u0131 olarak bulunduklar\u0131n\u0131 belirtti. Avvek s\u00f6z konusu vatanda\u015flar\u0131n k\u0131\u015f sezonu ba\u015flar\u0131nda uyar\u0131ld\u0131klar\u0131na dikkat \u00e7ekerken, bu sezon yo\u011fun ya\u011f\u0131\u015flar nedeniyle barajda su seviyesinin y\u00fckselece\u011fini ve evlerini bo\u015faltmalar\u0131 gerekti\u011finin kendilerine a\u00e7\u0131k bir \u015fekilde ifade edildi\u011fini vurgulad\u0131.<\/p>\n<p>Baraj\u0131n in\u015fa edildi\u011fi 2002 y\u0131l\u0131 ba\u015flar\u0131nda t\u00fcm bu vatanda\u015flara gerekli ve uygun para tazminat\u0131n\u0131n yap\u0131ld\u0131\u011f\u0131n\u0131n alt\u0131n\u0131 \u00e7izen Avvek; ayn\u0131 zamanda baraj\u0131n do\u011fu y\u00f6n\u00fcnde kendilerine model imar parselleri de verilmesine ra\u011fmen baraj alan\u0131nda bulunan evlerini bo\u015faltmad\u0131klar\u0131na dikkat \u00e7ekti.<\/p>\n<div id='gallery-1' class='gallery galleryid-177388 gallery-columns-2 gallery-size-full'><figure class='gallery-item'>\n\t\t\t<div class='gallery-icon landscape'>\n\t\t\t\t<a href='https:\/\/archive.sana.sy\/tr\/wp-content\/uploads\/2019\/03\/IMG_20190316_123517_815-1.jpg'><img loading=\"lazy\" decoding=\"async\" width=\"3543\" height=\"2346\" src=\"https:\/\/archive.sana.sy\/tr\/wp-content\/uploads\/2019\/03\/IMG_20190316_123517_815-1.jpg\" class=\"attachment-full size-full\" alt=\"\" srcset=\"https:\/\/archive.sana.sy\/tr\/wp-content\/uploads\/2019\/03\/IMG_20190316_123517_815-1.jpg 3543w, https:\/\/archive.sana.sy\/tr\/wp-content\/uploads\/2019\/03\/IMG_20190316_123517_815-1-150x99.jpg 150w, https:\/\/archive.sana.sy\/tr\/wp-content\/uploads\/2019\/03\/IMG_20190316_123517_815-1-300x199.jpg 300w, https:\/\/archive.sana.sy\/tr\/wp-content\/uploads\/2019\/03\/IMG_20190316_123517_815-1-768x509.jpg 768w, https:\/\/archive.sana.sy\/tr\/wp-content\/uploads\/2019\/03\/IMG_20190316_123517_815-1-1024x678.jpg 1024w, https:\/\/archive.sana.sy\/tr\/wp-content\/uploads\/2019\/03\/IMG_20190316_123517_815-1-310x205.jpg 310w\" sizes=\"auto, (max-width: 3543px) 100vw, 3543px\" \/><\/a>\n\t\t\t<\/div><\/figure><figure class='gallery-item'>\n\t\t\t<div class='gallery-icon landscape'>\n\t\t\t\t<a href='https:\/\/archive.sana.sy\/tr\/wp-content\/uploads\/2019\/03\/IMG_20190316_123523_274.jpg'><img loading=\"lazy\" decoding=\"async\" width=\"3543\" height=\"2346\" src=\"https:\/\/archive.sana.sy\/tr\/wp-content\/uploads\/2019\/03\/IMG_20190316_123523_274.jpg\" class=\"attachment-full size-full\" alt=\"\" srcset=\"https:\/\/archive.sana.sy\/tr\/wp-content\/uploads\/2019\/03\/IMG_20190316_123523_274.jpg 3543w, https:\/\/archive.sana.sy\/tr\/wp-content\/uploads\/2019\/03\/IMG_20190316_123523_274-150x99.jpg 150w, https:\/\/archive.sana.sy\/tr\/wp-content\/uploads\/2019\/03\/IMG_20190316_123523_274-300x199.jpg 300w, https:\/\/archive.sana.sy\/tr\/wp-content\/uploads\/2019\/03\/IMG_20190316_123523_274-768x509.jpg 768w, https:\/\/archive.sana.sy\/tr\/wp-content\/uploads\/2019\/03\/IMG_20190316_123523_274-1024x678.jpg 1024w, https:\/\/archive.sana.sy\/tr\/wp-content\/uploads\/2019\/03\/IMG_20190316_123523_274-310x205.jpg 310w\" sizes=\"auto, (max-width: 3543px) 100vw, 3543px\" \/><\/a>\n\t\t\t<\/div><\/figure><figure class='gallery-item'>\n\t\t\t<div class='gallery-icon landscape'>\n\t\t\t\t<a href='https:\/\/archive.sana.sy\/tr\/wp-content\/uploads\/2019\/03\/IMG_20190316_123528_672.jpg'><img loading=\"lazy\" decoding=\"async\" width=\"3543\" height=\"2346\" src=\"https:\/\/archive.sana.sy\/tr\/wp-content\/uploads\/2019\/03\/IMG_20190316_123528_672.jpg\" class=\"attachment-full size-full\" alt=\"\" srcset=\"https:\/\/archive.sana.sy\/tr\/wp-content\/uploads\/2019\/03\/IMG_20190316_123528_672.jpg 3543w, https:\/\/archive.sana.sy\/tr\/wp-content\/uploads\/2019\/03\/IMG_20190316_123528_672-150x99.jpg 150w, https:\/\/archive.sana.sy\/tr\/wp-content\/uploads\/2019\/03\/IMG_20190316_123528_672-300x199.jpg 300w, https:\/\/archive.sana.sy\/tr\/wp-content\/uploads\/2019\/03\/IMG_20190316_123528_672-768x509.jpg 768w, https:\/\/archive.sana.sy\/tr\/wp-content\/uploads\/2019\/03\/IMG_20190316_123528_672-1024x678.jpg 1024w, https:\/\/archive.sana.sy\/tr\/wp-content\/uploads\/2019\/03\/IMG_20190316_123528_672-310x205.jpg 310w\" sizes=\"auto, (max-width: 3543px) 100vw, 3543px\" \/><\/a>\n\t\t\t<\/div><\/figure><figure class='gallery-item'>\n\t\t\t<div class='gallery-icon landscape'>\n\t\t\t\t<a href='https:\/\/archive.sana.sy\/tr\/wp-content\/uploads\/2019\/03\/IMG_20190316_123531_718.jpg'><img loading=\"lazy\" decoding=\"async\" width=\"3543\" height=\"2346\" src=\"https:\/\/archive.sana.sy\/tr\/wp-content\/uploads\/2019\/03\/IMG_20190316_123531_718.jpg\" class=\"attachment-full size-full\" alt=\"\" srcset=\"https:\/\/archive.sana.sy\/tr\/wp-content\/uploads\/2019\/03\/IMG_20190316_123531_718.jpg 3543w, https:\/\/archive.sana.sy\/tr\/wp-content\/uploads\/2019\/03\/IMG_20190316_123531_718-150x99.jpg 150w, https:\/\/archive.sana.sy\/tr\/wp-content\/uploads\/2019\/03\/IMG_20190316_123531_718-300x199.jpg 300w, https:\/\/archive.sana.sy\/tr\/wp-content\/uploads\/2019\/03\/IMG_20190316_123531_718-768x509.jpg 768w, https:\/\/archive.sana.sy\/tr\/wp-content\/uploads\/2019\/03\/IMG_20190316_123531_718-1024x678.jpg 1024w, https:\/\/archive.sana.sy\/tr\/wp-content\/uploads\/2019\/03\/IMG_20190316_123531_718-310x205.jpg 310w\" sizes=\"auto, (max-width: 3543px) 100vw, 3543px\" \/><\/a>\n\t\t\t<\/div><\/figure>\n\t\t<\/div>\n\n","protected":false},"excerpt":{"rendered":"<p>HASEKE \u2013 Haseke k\u0131rsal\u0131n\u0131n g\u00fcneyinde \u015eehit Basil el Esad Baraj\u0131nda bu y\u0131l yo\u011fun ya\u011f\u0131\u015flar sonucunda su seviyesinin y\u00fckselmesiyle baraj alan\u0131nda bulunan vatanda\u015flara ait bir\u00e7ok ev sular\u0131n i\u00e7inde kald\u0131. Evleri sular\u0131n i\u00e7inde kalan vatanda\u015flar SANA muhabirine yapt\u0131klar\u0131 a\u00e7\u0131klamalarda; barajda su seviyesinin artmas\u0131yla onlarca evin yan\u0131 s\u0131ra tah\u0131l ekili bir k\u0131s\u0131m arazilerin sular alt\u0131nda kald\u0131klar\u0131n\u0131 s\u00f6yledi. Haseke &hellip;<\/p>\n","protected":false},"author":1,"featured_media":177389,"comment_status":"closed","ping_status":"closed","sticky":false,"template":"","format":"standard","meta":{"footnotes":""},"categories":[596,479,17988,478],"tags":[],"class_list":["post-177388","post","type-post","status-publish","format-standard","has-post-thumbnail","","category-fotografli-raporlar","category-haberler-yerel","category-son-haberler","category-yerel"],"_links":{"self":[{"href":"https:\/\/archive.sana.sy\/tr\/index.php?rest_route=\/wp\/v2\/posts\/177388","targetHints":{"allow":["GET"]}}],"collection":[{"href":"https:\/\/archive.sana.sy\/tr\/index.php?rest_route=\/wp\/v2\/posts"}],"about":[{"href":"https:\/\/archive.sana.sy\/tr\/index.php?rest_route=\/wp\/v2\/types\/post"}],"author":[{"embeddable":true,"href":"https:\/\/archive.sana.sy\/tr\/index.php?rest_route=\/wp\/v2\/users\/1"}],"replies":[{"embeddable":true,"href":"https:\/\/archive.sana.sy\/tr\/index.php?rest_route=%2Fwp%2Fv2%2Fcomments&post=177388"}],"version-history":[{"count":0,"href":"https:\/\/archive.sana.sy\/tr\/index.php?rest_route=\/wp\/v2\/posts\/177388\/revisions"}],"wp:featuredmedia":[{"embeddable":true,"href":"https:\/\/archive.sana.sy\/tr\/index.php?rest_route=\/wp\/v2\/media\/177389"}],"wp:attachment":[{"href":"https:\/\/archive.sana.sy\/tr\/index.php?rest_route=%2Fwp%2Fv2%2Fmedia&parent=177388"}],"wp:term":[{"taxonomy":"category","embeddable":true,"href":"https:\/\/archive.sana.sy\/tr\/index.php?rest_route=%2Fwp%2Fv2%2Fcategories&post=177388"},{"taxonomy":"post_tag","embeddable":true,"href":"https:\/\/archive.sana.sy\/tr\/index.php?rest_route=%2Fwp%2Fv2%2Ftags&post=177388"}],"curies":[{"name":"wp","href":"https:\/\/api.w.org\/{rel}","templated":true}]}}