{"id":177407,"date":"2019-03-16T14:07:06","date_gmt":"2019-03-16T12:07:06","guid":{"rendered":"http:\/\/www.sana.sy\/tr\/?p=177407"},"modified":"2019-03-16T14:07:06","modified_gmt":"2019-03-16T12:07:06","slug":"bayanlar-futbol-festivali-samin-cela-stadinda-bir-cok-ilden-takimlarin-katilimiyla-faaliyetlerine-basladi","status":"publish","type":"post","link":"https:\/\/archive.sana.sy\/tr\/?p=177407","title":{"rendered":"Bayanlar Futbol Festivali \u015eam\u2019\u0131n Cela Stad\u0131nda bir \u00e7ok ilden tak\u0131mlar\u0131n kat\u0131l\u0131m\u0131yla faaliyetlerine ba\u015flad\u0131"},"content":{"rendered":"<p>Bayanlar Futbol Festivali \u015eam\u2019\u0131n Cela Stad\u0131nda bir \u00e7ok ilden tak\u0131mlar\u0131n kat\u0131l\u0131m\u0131yla faaliyetlerine ba\u015flad\u0131<\/p>\n<p><iframe loading=\"lazy\" title=\"\u0645\u0647\u0631\u062c\u0627\u0646 \u0643\u0631\u0629 \u0627\u0644\u0642\u062f\u0645 \u0627\u0644\u0623\u0646\u062b\u0648\u064a\u0629\" width=\"618\" height=\"348\" src=\"https:\/\/www.youtube.com\/embed\/IwzfYSGGdBg?feature=oembed\" frameborder=\"0\" allow=\"accelerometer; autoplay; clipboard-write; encrypted-media; gyroscope; picture-in-picture; web-share\" referrerpolicy=\"strict-origin-when-cross-origin\" allowfullscreen><\/iframe><\/p>\n","protected":false},"excerpt":{"rendered":"<p>Bayanlar Futbol Festivali \u015eam\u2019\u0131n Cela Stad\u0131nda bir \u00e7ok ilden tak\u0131mlar\u0131n kat\u0131l\u0131m\u0131yla faaliyetlerine ba\u015flad\u0131<\/p>\n","protected":false},"author":1,"featured_media":177410,"comment_status":"closed","ping_status":"closed","sticky":false,"template":"","format":"standard","meta":{"footnotes":""},"categories":[18295],"tags":[],"class_list":["post-177407","post","type-post","status-publish","format-standard","has-post-thumbnail","","category-sana-video"],"_links":{"self":[{"href":"https:\/\/archive.sana.sy\/tr\/index.php?rest_route=\/wp\/v2\/posts\/177407","targetHints":{"allow":["GET"]}}],"collection":[{"href":"https:\/\/archive.sana.sy\/tr\/index.php?rest_route=\/wp\/v2\/posts"}],"about":[{"href":"https:\/\/archive.sana.sy\/tr\/index.php?rest_route=\/wp\/v2\/types\/post"}],"author":[{"embeddable":true,"href":"https:\/\/archive.sana.sy\/tr\/index.php?rest_route=\/wp\/v2\/users\/1"}],"replies":[{"embeddable":true,"href":"https:\/\/archive.sana.sy\/tr\/index.php?rest_route=%2Fwp%2Fv2%2Fcomments&post=177407"}],"version-history":[{"count":0,"href":"https:\/\/archive.sana.sy\/tr\/index.php?rest_route=\/wp\/v2\/posts\/177407\/revisions"}],"wp:featuredmedia":[{"embeddable":true,"href":"https:\/\/archive.sana.sy\/tr\/index.php?rest_route=\/wp\/v2\/media\/177410"}],"wp:attachment":[{"href":"https:\/\/archive.sana.sy\/tr\/index.php?rest_route=%2Fwp%2Fv2%2Fmedia&parent=177407"}],"wp:term":[{"taxonomy":"category","embeddable":true,"href":"https:\/\/archive.sana.sy\/tr\/index.php?rest_route=%2Fwp%2Fv2%2Fcategories&post=177407"},{"taxonomy":"post_tag","embeddable":true,"href":"https:\/\/archive.sana.sy\/tr\/index.php?rest_route=%2Fwp%2Fv2%2Ftags&post=177407"}],"curies":[{"name":"wp","href":"https:\/\/api.w.org\/{rel}","templated":true}]}}