{"id":177412,"date":"2019-03-16T15:53:34","date_gmt":"2019-03-16T13:53:34","guid":{"rendered":"http:\/\/www.sana.sy\/tr\/?p=177412"},"modified":"2019-03-17T14:07:52","modified_gmt":"2019-03-17T12:07:52","slug":"cocuklarin-olumunden-abd-sorumludur","status":"publish","type":"post","link":"https:\/\/archive.sana.sy\/tr\/?p=177412","title":{"rendered":"\u00c7ocuklar\u0131n \u00d6l\u00fcm\u00fcnden ABD Sorumludur"},"content":{"rendered":"<p>MOSKOVA \u2013 Tehcir edilen t\u00fcm Suriyelilerin d\u00f6nmeleri i\u015flemlerinden sorumlu Suriye Rusya koordinasyon komiteleri; son olarak R\u00fckban Kamp\u0131nda iki k\u00fc\u00e7\u00fck \u00e7ocu\u011fun beslenme yetersizli\u011fi sonucunda \u00f6lmelerine dikkat \u00e7ekerek, kampta \u00e7ocuklar\u0131n \u00f6l\u00fcmlerinden ABD\u2019nin sorumlu oldu\u011funu belirtti.<\/p>\n<p>Koordinasyon komiteleri yay\u0131nlad\u0131klar\u0131 ortak beyanda; Tenf B\u00f6lgesinde bulunan ABD g\u00fc\u00e7leri ve onlara tabi ter\u00f6r \u00f6rg\u00fctlerin R\u00fckban Kamp\u0131na herhangi bir insani yard\u0131m\u0131n g\u00f6nderilmesinin yan\u0131 s\u0131ra kamptan \u00e7\u0131kmak isteyen sivilleri engellemeleri nedeniyle kampta ya\u015fanan k\u00f6t\u00fc insani durumlar ve bu durumlar\u0131n yol a\u00e7t\u0131\u011f\u0131 sonu\u00e7lardan ABD idaresinin sorumlu oldu\u011funu vurgulad\u0131.<\/p>\n<p>Beyanda ABD idaresinin insan haklar\u0131, demokrasi, insani durum ve benzeri ilke ve temellerin siyasi ticaretini yapt\u0131\u011f\u0131na vurgu yap\u0131l\u0131rken; \u00e7ocuk ve kad\u0131nlar dahil hi\u00e7bir insani durum ve haklar\u0131 \u00f6nemsemedi\u011finin alt\u0131 \u00e7izildi.<\/p>\n<p>ABD g\u00fc\u00e7leri ve onlara tabi ter\u00f6r \u00f6rg\u00fctlerin R\u00fckban Kamp\u0131n\u0131 masum sivillerin tutsak edildi\u011fi \u00f6l\u00fcm kamp\u0131na d\u00f6n\u00fc\u015ft\u00fcrd\u00fcklerine vurgu yap\u0131lan beyanda; \u00e7ocuk ve kad\u0131nlar ba\u015fta olmak \u00fczere kamp\u0131n sivillerden tahliye edilmeleri veya kampa herhangi bir insani yard\u0131m\u0131n g\u00f6nderilmesini engellemelerinin insani faciaya yol a\u00e7aca\u011f\u0131na dikkat \u00e7ekildi.<\/p>\n<p>D\u00fcnya Sa\u011fl\u0131k \u00d6rg\u00fct\u00fc (DS\u00d6) Suriye Temsilcisi Elizabeth Huff\u2019un R\u00fckban Kamp\u0131na ili\u015fkin a\u00e7\u0131klamalar\u0131na da i\u015faret edilen beyanda; Huff\u2019un kampta hi\u00e7bir doktorun bulunmamas\u0131n\u0131n bula\u015f\u0131c\u0131 hastal\u0131klar\u0131n da yay\u0131lmas\u0131na yol a\u00e7t\u0131\u011f\u0131na dikkat \u00e7ekti\u011fi ifade edildi.<\/p>\n<p>Beyanda Suriye h\u00fck\u00fcmetinin R\u00fckban Kamp\u0131 meselesine k\u00f6kten \u00e7\u00f6z\u00fcm bulma ve i\u00e7inde bulunan sivilleri kendilerinin se\u00e7ecekleri bir yerde yerle\u015ftirip onlara g\u00fcvenli bir ya\u015fam sa\u011flama garantisine dikkat \u00e7ekildi.<\/p>\n<p>Suriye h\u00fck\u00fcmetinin R\u00fckban kamp\u0131ndaki sivillerin tahliyesi i\u00e7in iki insani koridor temin etti\u011fine de vurgu yap\u0131lan beyanda; ayn\u0131 zamanda \u00e7\u0131kacak siviller i\u00e7in konutlar ve sa\u011fl\u0131k merkezleri dahil gerekli t\u00fcm temel gereksinimlerin de temin edildi\u011finin alt\u0131 \u00e7izildi. Beyanda buna ra\u011fmen ABD g\u00fc\u00e7leri ve onlara tabi ter\u00f6ristlerin sivillerin kamptan \u00e7\u0131k\u0131\u015flar\u0131n\u0131 engellemeye devam ettikleri ifade edildi.<\/p>\n","protected":false},"excerpt":{"rendered":"<p>MOSKOVA \u2013 Tehcir edilen t\u00fcm Suriyelilerin d\u00f6nmeleri i\u015flemlerinden sorumlu Suriye Rusya koordinasyon komiteleri; son olarak R\u00fckban Kamp\u0131nda iki k\u00fc\u00e7\u00fck \u00e7ocu\u011fun beslenme yetersizli\u011fi sonucunda \u00f6lmelerine dikkat \u00e7ekerek, kampta \u00e7ocuklar\u0131n \u00f6l\u00fcmlerinden ABD\u2019nin sorumlu oldu\u011funu belirtti. Koordinasyon komiteleri yay\u0131nlad\u0131klar\u0131 ortak beyanda; Tenf B\u00f6lgesinde bulunan ABD g\u00fc\u00e7leri ve onlara tabi ter\u00f6r \u00f6rg\u00fctlerin R\u00fckban Kamp\u0131na herhangi bir insani yard\u0131m\u0131n g\u00f6nderilmesinin &hellip;<\/p>\n","protected":false},"author":1,"featured_media":177414,"comment_status":"closed","ping_status":"closed","sticky":false,"template":"","format":"standard","meta":{"footnotes":""},"categories":[479,17988,478],"tags":[],"class_list":["post-177412","post","type-post","status-publish","format-standard","has-post-thumbnail","","category-haberler-yerel","category-son-haberler","category-yerel"],"_links":{"self":[{"href":"https:\/\/archive.sana.sy\/tr\/index.php?rest_route=\/wp\/v2\/posts\/177412","targetHints":{"allow":["GET"]}}],"collection":[{"href":"https:\/\/archive.sana.sy\/tr\/index.php?rest_route=\/wp\/v2\/posts"}],"about":[{"href":"https:\/\/archive.sana.sy\/tr\/index.php?rest_route=\/wp\/v2\/types\/post"}],"author":[{"embeddable":true,"href":"https:\/\/archive.sana.sy\/tr\/index.php?rest_route=\/wp\/v2\/users\/1"}],"replies":[{"embeddable":true,"href":"https:\/\/archive.sana.sy\/tr\/index.php?rest_route=%2Fwp%2Fv2%2Fcomments&post=177412"}],"version-history":[{"count":0,"href":"https:\/\/archive.sana.sy\/tr\/index.php?rest_route=\/wp\/v2\/posts\/177412\/revisions"}],"wp:featuredmedia":[{"embeddable":true,"href":"https:\/\/archive.sana.sy\/tr\/index.php?rest_route=\/wp\/v2\/media\/177414"}],"wp:attachment":[{"href":"https:\/\/archive.sana.sy\/tr\/index.php?rest_route=%2Fwp%2Fv2%2Fmedia&parent=177412"}],"wp:term":[{"taxonomy":"category","embeddable":true,"href":"https:\/\/archive.sana.sy\/tr\/index.php?rest_route=%2Fwp%2Fv2%2Fcategories&post=177412"},{"taxonomy":"post_tag","embeddable":true,"href":"https:\/\/archive.sana.sy\/tr\/index.php?rest_route=%2Fwp%2Fv2%2Ftags&post=177412"}],"curies":[{"name":"wp","href":"https:\/\/api.w.org\/{rel}","templated":true}]}}