{"id":177441,"date":"2019-03-17T13:43:56","date_gmt":"2019-03-17T11:43:56","guid":{"rendered":"http:\/\/www.sana.sy\/tr\/?p=177441"},"modified":"2019-03-18T13:45:28","modified_gmt":"2019-03-18T11:45:28","slug":"nifak-ve-yalanlarinda-tarihi-bir-belge-olusturuyor","status":"publish","type":"post","link":"https:\/\/archive.sana.sy\/tr\/?p=177441","title":{"rendered":"Nifak ve Yalanlar\u0131nda Tarihi Bir Belge Olu\u015fturuyor"},"content":{"rendered":"<p>\u015eAM \u2013 D\u0131\u015fi\u015fleri ve Gurbet\u00e7iler Bakanl\u0131\u011f\u0131 ABD, \u0130ngiltere ve Fransa\u2019n\u0131n Suriye konusunda yay\u0131nlad\u0131klar\u0131 beyan\u0131n; yalan, dolan, sahtekarl\u0131k, nifak ve ger\u00e7ekleri \u00e7arp\u0131tmada tarihi bir belge te\u015fkil etti\u011fini belirtti.<\/p>\n<p>D\u0131\u015fi\u015fleri ve Gurbet\u00e7iler Bakanl\u0131\u011f\u0131nda yetkili bir kaynak bug\u00fcn SANA\u2019ya yapt\u0131\u011f\u0131 a\u00e7\u0131klamada; Suriye ve t\u00fcm b\u00f6lge \u00fclkelerinde zalimce ve d\u00fc\u015fmanca d\u00f6k\u00fclen her damla kan\u0131n temel sorumlular\u0131n\u0131n ABD, \u0130ngiltere ve Fransa olduklar\u0131n\u0131n alt\u0131n\u0131 \u00e7izdi.<\/p>\n<p>Suriye ve t\u00fcm b\u00f6lge \u00fclkelerinin as\u0131ls\u0131z yalanlar ve iddialarla tan\u0131k olduklar\u0131 \u015fiddet olaylar\u0131n\u0131n ABD komutas\u0131nda b\u00f6lge \u00fclkeleri ve halklar\u0131n\u0131 hedef alan d\u00fc\u015fmanc\u0131 planlar ve komplolar\u0131n bir \u00fcr\u00fcn\u00fc oldu\u011funun net bir \u015fekilde ortaya \u00e7\u0131kt\u0131\u011f\u0131na dikkat \u00e7eken yetkili kaynak; bu ger\u00e7e\u011fin art\u0131k herkes taraf\u0131ndan bilindi\u011finin alt\u0131n\u0131 \u00e7izdi. Yetkili kaynak bu plan ve komplolardan amac\u0131n iddia edildi\u011fi gibi demokrasi, insan haklar\u0131, devrim ya da benzeri ilkeler olmad\u0131\u011f\u0131n\u0131n de\u015fifre oldu\u011funu, as\u0131l amac\u0131n b\u00f6lge ve halklar\u0131n\u0131 hegemonyaya al\u0131p zenginliklerini ve olanaklar\u0131n\u0131 s\u00f6m\u00fcrmek oldu\u011funun da kan\u0131tland\u0131\u011f\u0131n\u0131 belirtti. Yetkili kaynak t\u00fcm bu planlardan bir di\u011fer amac\u0131n ise \u0130srail&#8217;in g\u00fcvenli\u011fini sa\u011flama ve b\u00f6lgede \u00fcst\u00fcn g\u00fc\u00e7 k\u0131lmak oldu\u011funun alt\u0131n\u0131 \u00e7izdi.<\/p>\n<p>S\u00f6m\u00fcr\u00fcc\u00fc ve hegemonyac\u0131 devletlerin ama\u00e7lar\u0131na ula\u015fmak i\u00e7in insani ve ahlaki ilkelere ayk\u0131r\u0131 hi\u00e7bir vesileden geri kalmad\u0131klar\u0131n\u0131 ifade eden yetkili kaynak; ger\u00e7ekleri \u00e7arp\u0131tma, \u00e7ocuk ya\u015fl\u0131 kad\u0131n demeden masum sivilleri hedef alma, radikal ter\u00f6r\u00fc kullanma ve destekleme, kanunsuz yapt\u0131r\u0131mlar uygulama dahil her y\u00f6ntem ve edat\u0131 kulland\u0131klar\u0131n\u0131 ifade etti. Ter\u00f6rle m\u00fccadele ettiklerini, insan haklar\u0131 ve demokrasi iddialar\u0131nda bulunan bu devletlerin I\u015e\u0130D ve Nusra Cephesi dahil y\u0131llard\u0131r ter\u00f6re sa\u011flad\u0131klar\u0131 her t\u00fcrl\u00fc deste\u011fe bir kez daha dikkat \u00e7eken yetkili kaynak; edat olarak kullan\u0131p destekledikleri ter\u00f6ristlerin Suriye&#8217;de bulunduklar\u0131 benzeri g\u00f6r\u00fclmemi\u015f vah\u015fetlere ra\u011fmen onlar\u0131 destekleyip \u00f6rt\u00fc temin etmelerinin insanl\u0131k tarihinin y\u00fcz karas\u0131 oldu\u011funu vurgulad\u0131.<\/p>\n<p>Yetkili kaynak Suriye&#8217;de bunca kan\u0131 ak\u0131t\u0131p vah\u015fette bulunan s\u00f6z konusu devletlerin Suriye&#8217;de insan haklar\u0131, insani durumlar ya da yeniden yap\u0131lanma meselelerinde olumlu hi\u00e7bir yanlar\u0131 olmad\u0131\u011f\u0131n\u0131 kaydetti. Yetkili kaynak tam tersine insani durumlar\u0131n iyile\u015ftirilmesi ve yeniden yap\u0131lanma y\u00f6n\u00fcnde harcanan \u00e7abalar\u0131 engellemek i\u00e7in her gayreti g\u00f6sterdiklerinin alt\u0131n\u0131 \u00e7izdi.<\/p>\n<p>Yetkili kaynak Suriye&#8217;nin y\u00f6netim, halk ve ordu olarak ter\u00f6r\u00fc k\u00f6kten kaz\u0131makla birlikte destek\u00e7ilerinin planlar\u0131n\u0131 \u00e7\u00f6kertme konusunda her zamandan daha \u00e7ok kararl\u0131, azimli ve g\u00fc\u00e7l\u00fc oldu\u011funun alt\u0131n\u0131 \u00e7izdi.<\/p>\n","protected":false},"excerpt":{"rendered":"<p>\u015eAM \u2013 D\u0131\u015fi\u015fleri ve Gurbet\u00e7iler Bakanl\u0131\u011f\u0131 ABD, \u0130ngiltere ve Fransa\u2019n\u0131n Suriye konusunda yay\u0131nlad\u0131klar\u0131 beyan\u0131n; yalan, dolan, sahtekarl\u0131k, nifak ve ger\u00e7ekleri \u00e7arp\u0131tmada tarihi bir belge te\u015fkil etti\u011fini belirtti. D\u0131\u015fi\u015fleri ve Gurbet\u00e7iler Bakanl\u0131\u011f\u0131nda yetkili bir kaynak bug\u00fcn SANA\u2019ya yapt\u0131\u011f\u0131 a\u00e7\u0131klamada; Suriye ve t\u00fcm b\u00f6lge \u00fclkelerinde zalimce ve d\u00fc\u015fmanca d\u00f6k\u00fclen her damla kan\u0131n temel sorumlular\u0131n\u0131n ABD, \u0130ngiltere ve &hellip;<\/p>\n","protected":false},"author":1,"featured_media":177442,"comment_status":"closed","ping_status":"closed","sticky":false,"template":"","format":"standard","meta":{"footnotes":""},"categories":[479,17988,478],"tags":[],"class_list":["post-177441","post","type-post","status-publish","format-standard","has-post-thumbnail","","category-haberler-yerel","category-son-haberler","category-yerel"],"_links":{"self":[{"href":"https:\/\/archive.sana.sy\/tr\/index.php?rest_route=\/wp\/v2\/posts\/177441","targetHints":{"allow":["GET"]}}],"collection":[{"href":"https:\/\/archive.sana.sy\/tr\/index.php?rest_route=\/wp\/v2\/posts"}],"about":[{"href":"https:\/\/archive.sana.sy\/tr\/index.php?rest_route=\/wp\/v2\/types\/post"}],"author":[{"embeddable":true,"href":"https:\/\/archive.sana.sy\/tr\/index.php?rest_route=\/wp\/v2\/users\/1"}],"replies":[{"embeddable":true,"href":"https:\/\/archive.sana.sy\/tr\/index.php?rest_route=%2Fwp%2Fv2%2Fcomments&post=177441"}],"version-history":[{"count":0,"href":"https:\/\/archive.sana.sy\/tr\/index.php?rest_route=\/wp\/v2\/posts\/177441\/revisions"}],"wp:featuredmedia":[{"embeddable":true,"href":"https:\/\/archive.sana.sy\/tr\/index.php?rest_route=\/wp\/v2\/media\/177442"}],"wp:attachment":[{"href":"https:\/\/archive.sana.sy\/tr\/index.php?rest_route=%2Fwp%2Fv2%2Fmedia&parent=177441"}],"wp:term":[{"taxonomy":"category","embeddable":true,"href":"https:\/\/archive.sana.sy\/tr\/index.php?rest_route=%2Fwp%2Fv2%2Fcategories&post=177441"},{"taxonomy":"post_tag","embeddable":true,"href":"https:\/\/archive.sana.sy\/tr\/index.php?rest_route=%2Fwp%2Fv2%2Ftags&post=177441"}],"curies":[{"name":"wp","href":"https:\/\/api.w.org\/{rel}","templated":true}]}}