{"id":177549,"date":"2019-03-18T14:43:37","date_gmt":"2019-03-18T12:43:37","guid":{"rendered":"http:\/\/www.sana.sy\/tr\/?p=177549"},"modified":"2019-03-18T14:43:37","modified_gmt":"2019-03-18T12:43:37","slug":"savunma-bakani-ali-abdullah-eyup-irak-genelkurmay-baskani-osman-ganimi-ve-iran-genelkurmay-baskani-muhammed-bakiri-ile-baskent-samda-bulundugu-temaslar-ardindan-ortak-basin-toplantisi-duzenle","status":"publish","type":"post","link":"https:\/\/archive.sana.sy\/tr\/?p=177549","title":{"rendered":"Savunma Bakan\u0131 Ali Abdullah Ey\u00fcp Irak Genelkurmay Ba\u015fkan\u0131 Osman Ganimi ve \u0130ran Genelkurmay Ba\u015fkan\u0131 Muhammed Bakiri ile ba\u015fkent \u015eam\u2019da bulundu\u011fu temaslar ard\u0131ndan ortak bas\u0131n toplant\u0131s\u0131 d\u00fczenledi."},"content":{"rendered":"<p>Savunma Bakan\u0131 Ali Abdullah Ey\u00fcp Irak Genelkurmay Ba\u015fkan\u0131 Osman Ganimi ve \u0130ran Genelkurmay Ba\u015fkan\u0131 Muhammed Bakiri ile ba\u015fkent \u015eam\u2019da bulundu\u011fu temaslar ard\u0131ndan ortak bas\u0131n toplant\u0131s\u0131 d\u00fczenledi.<\/p>\n","protected":false},"excerpt":{"rendered":"<p>Savunma Bakan\u0131 Ali Abdullah Ey\u00fcp Irak Genelkurmay Ba\u015fkan\u0131 Osman Ganimi ve \u0130ran Genelkurmay Ba\u015fkan\u0131 Muhammed Bakiri ile ba\u015fkent \u015eam\u2019da bulundu\u011fu temaslar ard\u0131ndan ortak bas\u0131n toplant\u0131s\u0131 d\u00fczenledi.<\/p>\n","protected":false},"author":1,"featured_media":0,"comment_status":"closed","ping_status":"closed","sticky":false,"template":"","format":"standard","meta":{"footnotes":""},"categories":[17991],"tags":[],"class_list":["post-177549","post","type-post","status-publish","format-standard","","category-son-dakika"],"_links":{"self":[{"href":"https:\/\/archive.sana.sy\/tr\/index.php?rest_route=\/wp\/v2\/posts\/177549","targetHints":{"allow":["GET"]}}],"collection":[{"href":"https:\/\/archive.sana.sy\/tr\/index.php?rest_route=\/wp\/v2\/posts"}],"about":[{"href":"https:\/\/archive.sana.sy\/tr\/index.php?rest_route=\/wp\/v2\/types\/post"}],"author":[{"embeddable":true,"href":"https:\/\/archive.sana.sy\/tr\/index.php?rest_route=\/wp\/v2\/users\/1"}],"replies":[{"embeddable":true,"href":"https:\/\/archive.sana.sy\/tr\/index.php?rest_route=%2Fwp%2Fv2%2Fcomments&post=177549"}],"version-history":[{"count":0,"href":"https:\/\/archive.sana.sy\/tr\/index.php?rest_route=\/wp\/v2\/posts\/177549\/revisions"}],"wp:attachment":[{"href":"https:\/\/archive.sana.sy\/tr\/index.php?rest_route=%2Fwp%2Fv2%2Fmedia&parent=177549"}],"wp:term":[{"taxonomy":"category","embeddable":true,"href":"https:\/\/archive.sana.sy\/tr\/index.php?rest_route=%2Fwp%2Fv2%2Fcategories&post=177549"},{"taxonomy":"post_tag","embeddable":true,"href":"https:\/\/archive.sana.sy\/tr\/index.php?rest_route=%2Fwp%2Fv2%2Ftags&post=177549"}],"curies":[{"name":"wp","href":"https:\/\/api.w.org\/{rel}","templated":true}]}}