{"id":177555,"date":"2019-03-18T14:50:02","date_gmt":"2019-03-18T12:50:02","guid":{"rendered":"http:\/\/www.sana.sy\/tr\/?p=177555"},"modified":"2019-03-18T14:50:02","modified_gmt":"2019-03-18T12:50:02","slug":"savunma-bakani-eyup-suriyenin-egemenligini-bagimsizligini-toprak-ve-halk-butunlugunun-yani-sira-kendisini-ve-halkini-savunmadaki-mesru-hakkinin-hicbir-sekilde-pazarlik-konusu-olmayacaginin-altini","status":"publish","type":"post","link":"https:\/\/archive.sana.sy\/tr\/?p=177555","title":{"rendered":"Savunma Bakan\u0131 Ey\u00fcp Suriye&#8217;nin egemenli\u011fini, ba\u011f\u0131ms\u0131zl\u0131\u011f\u0131n\u0131, toprak ve halk b\u00fct\u00fcnl\u00fc\u011f\u00fcn\u00fcn yan\u0131 s\u0131ra kendisini ve halk\u0131n\u0131 savunmadaki me\u015fru hakk\u0131n\u0131n hi\u00e7bir \u015fekilde pazarl\u0131k konusu olmayaca\u011f\u0131n\u0131n alt\u0131n\u0131 \u00e7izdi."},"content":{"rendered":"<p>Savunma Bakan\u0131 Ey\u00fcp Suriye&#8217;nin egemenli\u011fini, ba\u011f\u0131ms\u0131zl\u0131\u011f\u0131n\u0131, toprak ve halk b\u00fct\u00fcnl\u00fc\u011f\u00fcn\u00fcn yan\u0131 s\u0131ra kendisini ve halk\u0131n\u0131 savunmadaki me\u015fru hakk\u0131n\u0131n hi\u00e7bir \u015fekilde pazarl\u0131k konusu olmayaca\u011f\u0131n\u0131n alt\u0131n\u0131 \u00e7izdi.<\/p>\n","protected":false},"excerpt":{"rendered":"<p>Savunma Bakan\u0131 Ey\u00fcp Suriye&#8217;nin egemenli\u011fini, ba\u011f\u0131ms\u0131zl\u0131\u011f\u0131n\u0131, toprak ve halk b\u00fct\u00fcnl\u00fc\u011f\u00fcn\u00fcn yan\u0131 s\u0131ra kendisini ve halk\u0131n\u0131 savunmadaki me\u015fru hakk\u0131n\u0131n hi\u00e7bir \u015fekilde pazarl\u0131k konusu olmayaca\u011f\u0131n\u0131n alt\u0131n\u0131 \u00e7izdi.<\/p>\n","protected":false},"author":1,"featured_media":0,"comment_status":"closed","ping_status":"closed","sticky":false,"template":"","format":"standard","meta":{"footnotes":""},"categories":[17991],"tags":[],"class_list":["post-177555","post","type-post","status-publish","format-standard","","category-son-dakika"],"_links":{"self":[{"href":"https:\/\/archive.sana.sy\/tr\/index.php?rest_route=\/wp\/v2\/posts\/177555","targetHints":{"allow":["GET"]}}],"collection":[{"href":"https:\/\/archive.sana.sy\/tr\/index.php?rest_route=\/wp\/v2\/posts"}],"about":[{"href":"https:\/\/archive.sana.sy\/tr\/index.php?rest_route=\/wp\/v2\/types\/post"}],"author":[{"embeddable":true,"href":"https:\/\/archive.sana.sy\/tr\/index.php?rest_route=\/wp\/v2\/users\/1"}],"replies":[{"embeddable":true,"href":"https:\/\/archive.sana.sy\/tr\/index.php?rest_route=%2Fwp%2Fv2%2Fcomments&post=177555"}],"version-history":[{"count":0,"href":"https:\/\/archive.sana.sy\/tr\/index.php?rest_route=\/wp\/v2\/posts\/177555\/revisions"}],"wp:attachment":[{"href":"https:\/\/archive.sana.sy\/tr\/index.php?rest_route=%2Fwp%2Fv2%2Fmedia&parent=177555"}],"wp:term":[{"taxonomy":"category","embeddable":true,"href":"https:\/\/archive.sana.sy\/tr\/index.php?rest_route=%2Fwp%2Fv2%2Fcategories&post=177555"},{"taxonomy":"post_tag","embeddable":true,"href":"https:\/\/archive.sana.sy\/tr\/index.php?rest_route=%2Fwp%2Fv2%2Ftags&post=177555"}],"curies":[{"name":"wp","href":"https:\/\/api.w.org\/{rel}","templated":true}]}}