{"id":177560,"date":"2019-03-18T14:53:38","date_gmt":"2019-03-18T12:53:38","guid":{"rendered":"http:\/\/www.sana.sy\/tr\/?p=177560"},"modified":"2019-03-18T14:53:38","modified_gmt":"2019-03-18T12:53:38","slug":"suriyenin-daveti-olmaksizin-suriyede-bulunan-herhangi-bir-yabanci-devlet-gucunun-isgal-niteligi-tasidigini-belirten-savunma-bakani-eyip-suriyenin-egemenligini-savunma-ve-isgale-karsi-koyma-hakk","status":"publish","type":"post","link":"https:\/\/archive.sana.sy\/tr\/?p=177560","title":{"rendered":"Suriye&#8217;nin daveti olmaks\u0131z\u0131n Suriye&#8217;de bulunan herhangi bir yabanc\u0131 devlet g\u00fcc\u00fcn\u00fcn i\u015fgal niteli\u011fi ta\u015f\u0131d\u0131\u011f\u0131n\u0131 belirten Savunma Bakan\u0131 Eyip; Suriye&#8217;nin egemenli\u011fini savunma ve i\u015fgale kar\u015f\u0131 koyma hakk\u0131n\u0131n me\u015fru oldu\u011funu vurgulad\u0131."},"content":{"rendered":"<p>Suriye&#8217;nin daveti olmaks\u0131z\u0131n Suriye&#8217;de bulunan herhangi bir yabanc\u0131 devlet g\u00fcc\u00fcn\u00fcn i\u015fgal niteli\u011fi ta\u015f\u0131d\u0131\u011f\u0131n\u0131 belirten Savunma Bakan\u0131 Eyip; Suriye&#8217;nin egemenli\u011fini savunma ve i\u015fgale kar\u015f\u0131 koyma hakk\u0131n\u0131n me\u015fru oldu\u011funu vurgulad\u0131.<\/p>\n","protected":false},"excerpt":{"rendered":"<p>Suriye&#8217;nin daveti olmaks\u0131z\u0131n Suriye&#8217;de bulunan herhangi bir yabanc\u0131 devlet g\u00fcc\u00fcn\u00fcn i\u015fgal niteli\u011fi ta\u015f\u0131d\u0131\u011f\u0131n\u0131 belirten Savunma Bakan\u0131 Eyip; Suriye&#8217;nin egemenli\u011fini savunma ve i\u015fgale kar\u015f\u0131 koyma hakk\u0131n\u0131n me\u015fru oldu\u011funu vurgulad\u0131.<\/p>\n","protected":false},"author":1,"featured_media":0,"comment_status":"closed","ping_status":"closed","sticky":false,"template":"","format":"standard","meta":{"footnotes":""},"categories":[17991],"tags":[],"class_list":["post-177560","post","type-post","status-publish","format-standard","","category-son-dakika"],"_links":{"self":[{"href":"https:\/\/archive.sana.sy\/tr\/index.php?rest_route=\/wp\/v2\/posts\/177560","targetHints":{"allow":["GET"]}}],"collection":[{"href":"https:\/\/archive.sana.sy\/tr\/index.php?rest_route=\/wp\/v2\/posts"}],"about":[{"href":"https:\/\/archive.sana.sy\/tr\/index.php?rest_route=\/wp\/v2\/types\/post"}],"author":[{"embeddable":true,"href":"https:\/\/archive.sana.sy\/tr\/index.php?rest_route=\/wp\/v2\/users\/1"}],"replies":[{"embeddable":true,"href":"https:\/\/archive.sana.sy\/tr\/index.php?rest_route=%2Fwp%2Fv2%2Fcomments&post=177560"}],"version-history":[{"count":0,"href":"https:\/\/archive.sana.sy\/tr\/index.php?rest_route=\/wp\/v2\/posts\/177560\/revisions"}],"wp:attachment":[{"href":"https:\/\/archive.sana.sy\/tr\/index.php?rest_route=%2Fwp%2Fv2%2Fmedia&parent=177560"}],"wp:term":[{"taxonomy":"category","embeddable":true,"href":"https:\/\/archive.sana.sy\/tr\/index.php?rest_route=%2Fwp%2Fv2%2Fcategories&post=177560"},{"taxonomy":"post_tag","embeddable":true,"href":"https:\/\/archive.sana.sy\/tr\/index.php?rest_route=%2Fwp%2Fv2%2Ftags&post=177560"}],"curies":[{"name":"wp","href":"https:\/\/api.w.org\/{rel}","templated":true}]}}