{"id":177564,"date":"2019-03-18T14:55:06","date_gmt":"2019-03-18T12:55:06","guid":{"rendered":"http:\/\/www.sana.sy\/tr\/?p=177564"},"modified":"2019-03-18T14:55:06","modified_gmt":"2019-03-18T12:55:06","slug":"eyup-idlib-ilinin-de-istisna-olmayip-mutlaka-tam-ve-eksiksiz-bir-sekilde-suriyenin-egemenligi-ve-kontrolune-doneceginin-altini-cizdi","status":"publish","type":"post","link":"https:\/\/archive.sana.sy\/tr\/?p=177564","title":{"rendered":"Ey\u00fcp \u0130dlib \u0130linin de istisna olmay\u0131p mutlaka tam ve eksiksiz bir \u015fekilde Suriye&#8217;nin egemenli\u011fi ve kontrol\u00fcne d\u00f6nece\u011finin alt\u0131n\u0131 \u00e7izdi."},"content":{"rendered":"<p>Ey\u00fcp \u0130dlib \u0130linin de istisna olmay\u0131p mutlaka tam ve eksiksiz bir \u015fekilde Suriye&#8217;nin egemenli\u011fi ve kontrol\u00fcne d\u00f6nece\u011finin alt\u0131n\u0131 \u00e7izdi.<\/p>\n","protected":false},"excerpt":{"rendered":"<p>Ey\u00fcp \u0130dlib \u0130linin de istisna olmay\u0131p mutlaka tam ve eksiksiz bir \u015fekilde Suriye&#8217;nin egemenli\u011fi ve kontrol\u00fcne d\u00f6nece\u011finin alt\u0131n\u0131 \u00e7izdi.<\/p>\n","protected":false},"author":1,"featured_media":0,"comment_status":"closed","ping_status":"closed","sticky":false,"template":"","format":"standard","meta":{"footnotes":""},"categories":[17991],"tags":[],"class_list":["post-177564","post","type-post","status-publish","format-standard","","category-son-dakika"],"_links":{"self":[{"href":"https:\/\/archive.sana.sy\/tr\/index.php?rest_route=\/wp\/v2\/posts\/177564","targetHints":{"allow":["GET"]}}],"collection":[{"href":"https:\/\/archive.sana.sy\/tr\/index.php?rest_route=\/wp\/v2\/posts"}],"about":[{"href":"https:\/\/archive.sana.sy\/tr\/index.php?rest_route=\/wp\/v2\/types\/post"}],"author":[{"embeddable":true,"href":"https:\/\/archive.sana.sy\/tr\/index.php?rest_route=\/wp\/v2\/users\/1"}],"replies":[{"embeddable":true,"href":"https:\/\/archive.sana.sy\/tr\/index.php?rest_route=%2Fwp%2Fv2%2Fcomments&post=177564"}],"version-history":[{"count":0,"href":"https:\/\/archive.sana.sy\/tr\/index.php?rest_route=\/wp\/v2\/posts\/177564\/revisions"}],"wp:attachment":[{"href":"https:\/\/archive.sana.sy\/tr\/index.php?rest_route=%2Fwp%2Fv2%2Fmedia&parent=177564"}],"wp:term":[{"taxonomy":"category","embeddable":true,"href":"https:\/\/archive.sana.sy\/tr\/index.php?rest_route=%2Fwp%2Fv2%2Fcategories&post=177564"},{"taxonomy":"post_tag","embeddable":true,"href":"https:\/\/archive.sana.sy\/tr\/index.php?rest_route=%2Fwp%2Fv2%2Ftags&post=177564"}],"curies":[{"name":"wp","href":"https:\/\/api.w.org\/{rel}","templated":true}]}}