{"id":177567,"date":"2019-03-18T14:57:15","date_gmt":"2019-03-18T12:57:15","guid":{"rendered":"http:\/\/www.sana.sy\/tr\/?p=177567"},"modified":"2019-03-18T14:57:15","modified_gmt":"2019-03-18T12:57:15","slug":"suriye-ordusunun-tenf-bolgesini-isgal-eden-abd-guclerini-cikarma-gucu-ve-olanaklarina-sahip-oldugunu-vurgulayan-savunma-bakani-eyup-abd-ve-diger-tum-devlet-guclerinin-kesinlikle-suriyenin-tamaminda","status":"publish","type":"post","link":"https:\/\/archive.sana.sy\/tr\/?p=177567","title":{"rendered":"Suriye ordusunun Tenf B\u00f6lgesini i\u015fgal eden ABD g\u00fc\u00e7lerini \u00e7\u0131karma g\u00fcc\u00fc ve olanaklar\u0131na sahip oldu\u011funu vurgulayan Savunma Bakan\u0131 Ey\u00fcp; ABD ve di\u011fer t\u00fcm devlet g\u00fc\u00e7lerinin kesinlikle Suriye&#8217;nin tamam\u0131ndan \u00e7\u0131kacaklar\u0131n\u0131n alt\u0131n\u0131 \u00e7izdi."},"content":{"rendered":"<p>Suriye ordusunun Tenf B\u00f6lgesini i\u015fgal eden ABD g\u00fc\u00e7lerini \u00e7\u0131karma g\u00fcc\u00fc ve olanaklar\u0131na sahip oldu\u011funu vurgulayan Savunma Bakan\u0131 Ey\u00fcp; ABD ve di\u011fer t\u00fcm devlet g\u00fc\u00e7lerinin kesinlikle Suriye&#8217;nin tamam\u0131ndan \u00e7\u0131kacaklar\u0131n\u0131n alt\u0131n\u0131 \u00e7izdi.<\/p>\n","protected":false},"excerpt":{"rendered":"<p>Suriye ordusunun Tenf B\u00f6lgesini i\u015fgal eden ABD g\u00fc\u00e7lerini \u00e7\u0131karma g\u00fcc\u00fc ve olanaklar\u0131na sahip oldu\u011funu vurgulayan Savunma Bakan\u0131 Ey\u00fcp; ABD ve di\u011fer t\u00fcm devlet g\u00fc\u00e7lerinin kesinlikle Suriye&#8217;nin tamam\u0131ndan \u00e7\u0131kacaklar\u0131n\u0131n alt\u0131n\u0131 \u00e7izdi.<\/p>\n","protected":false},"author":1,"featured_media":0,"comment_status":"closed","ping_status":"closed","sticky":false,"template":"","format":"standard","meta":{"footnotes":""},"categories":[17991],"tags":[],"class_list":["post-177567","post","type-post","status-publish","format-standard","","category-son-dakika"],"_links":{"self":[{"href":"https:\/\/archive.sana.sy\/tr\/index.php?rest_route=\/wp\/v2\/posts\/177567","targetHints":{"allow":["GET"]}}],"collection":[{"href":"https:\/\/archive.sana.sy\/tr\/index.php?rest_route=\/wp\/v2\/posts"}],"about":[{"href":"https:\/\/archive.sana.sy\/tr\/index.php?rest_route=\/wp\/v2\/types\/post"}],"author":[{"embeddable":true,"href":"https:\/\/archive.sana.sy\/tr\/index.php?rest_route=\/wp\/v2\/users\/1"}],"replies":[{"embeddable":true,"href":"https:\/\/archive.sana.sy\/tr\/index.php?rest_route=%2Fwp%2Fv2%2Fcomments&post=177567"}],"version-history":[{"count":0,"href":"https:\/\/archive.sana.sy\/tr\/index.php?rest_route=\/wp\/v2\/posts\/177567\/revisions"}],"wp:attachment":[{"href":"https:\/\/archive.sana.sy\/tr\/index.php?rest_route=%2Fwp%2Fv2%2Fmedia&parent=177567"}],"wp:term":[{"taxonomy":"category","embeddable":true,"href":"https:\/\/archive.sana.sy\/tr\/index.php?rest_route=%2Fwp%2Fv2%2Fcategories&post=177567"},{"taxonomy":"post_tag","embeddable":true,"href":"https:\/\/archive.sana.sy\/tr\/index.php?rest_route=%2Fwp%2Fv2%2Ftags&post=177567"}],"curies":[{"name":"wp","href":"https:\/\/api.w.org\/{rel}","templated":true}]}}