{"id":177580,"date":"2019-03-18T15:04:08","date_gmt":"2019-03-18T13:04:08","guid":{"rendered":"http:\/\/www.sana.sy\/tr\/?p=177580"},"modified":"2019-03-18T15:04:34","modified_gmt":"2019-03-18T13:04:34","slug":"suriyenin-israilin-tum-saldirilarina-basariyla-karsi-koydugunu-belirten-savunma-bakani-eyup-israil-fuzelerinin-cogunun-imha-edilmeleriyle-hedeflerine-ulasamadiklarini-kaydetti","status":"publish","type":"post","link":"https:\/\/archive.sana.sy\/tr\/?p=177580","title":{"rendered":"\u0130srail\u2019in Suriye&#8217;ye sald\u0131r\u0131lar\u0131 konusunda ise Savunma Bakan\u0131 Ey\u00fcp; bu sald\u0131rlar\u0131n Suriye ordusu kar\u015f\u0131s\u0131ndaki a\u011f\u0131r yenilgileri ve yok olmalar\u0131 g\u00f6lgesinde moralleri \u00e7\u00f6ken ter\u00f6rist edatlar\u0131n morallerini y\u00fckseltme ve ter\u00f6rlerini s\u00fcrd\u00fcrmeleri i\u00e7in unut verme amac\u0131 ta\u015f\u0131d\u0131\u011f\u0131n\u0131n alt\u0131n\u0131 \u00e7izdi. Suriye&#8217;nin \u0130srail\u2019in t\u00fcm sald\u0131r\u0131lar\u0131na ba\u015far\u0131yla kar\u015f\u0131 koydu\u011funu belirten Savunma Bakan\u0131 Ey\u00fcp; \u0130srail f\u00fczelerinin \u00e7o\u011funun imha edilmeleriyle hedeflerine ula\u015famad\u0131klar\u0131n\u0131 kaydetti."},"content":{"rendered":"<p>\u0130srail\u2019in Suriye&#8217;ye sald\u0131r\u0131lar\u0131 konusunda ise Savunma Bakan\u0131 Ey\u00fcp; bu sald\u0131rlar\u0131n Suriye ordusu kar\u015f\u0131s\u0131ndaki a\u011f\u0131r yenilgileri ve yok olmalar\u0131 g\u00f6lgesinde moralleri \u00e7\u00f6ken ter\u00f6rist edatlar\u0131n morallerini y\u00fckseltme ve ter\u00f6rlerini s\u00fcrd\u00fcrmeleri i\u00e7in unut verme amac\u0131 ta\u015f\u0131d\u0131\u011f\u0131n\u0131n alt\u0131n\u0131 \u00e7izdi. Suriye&#8217;nin \u0130srail\u2019in t\u00fcm sald\u0131r\u0131lar\u0131na ba\u015far\u0131yla kar\u015f\u0131 koydu\u011funu belirten Savunma Bakan\u0131 Ey\u00fcp; \u0130srail f\u00fczelerinin \u00e7o\u011funun imha edilmeleriyle hedeflerine ula\u015famad\u0131klar\u0131n\u0131 kaydetti.<\/p>\n","protected":false},"excerpt":{"rendered":"<p>\u0130srail\u2019in Suriye&#8217;ye sald\u0131r\u0131lar\u0131 konusunda ise Savunma Bakan\u0131 Ey\u00fcp; bu sald\u0131rlar\u0131n Suriye ordusu kar\u015f\u0131s\u0131ndaki a\u011f\u0131r yenilgileri ve yok olmalar\u0131 g\u00f6lgesinde moralleri \u00e7\u00f6ken ter\u00f6rist edatlar\u0131n morallerini y\u00fckseltme ve ter\u00f6rlerini s\u00fcrd\u00fcrmeleri i\u00e7in unut verme amac\u0131 ta\u015f\u0131d\u0131\u011f\u0131n\u0131n alt\u0131n\u0131 \u00e7izdi. Suriye&#8217;nin \u0130srail\u2019in t\u00fcm sald\u0131r\u0131lar\u0131na ba\u015far\u0131yla kar\u015f\u0131 koydu\u011funu belirten Savunma Bakan\u0131 Ey\u00fcp; \u0130srail f\u00fczelerinin \u00e7o\u011funun imha edilmeleriyle hedeflerine ula\u015famad\u0131klar\u0131n\u0131 kaydetti.<\/p>\n","protected":false},"author":1,"featured_media":0,"comment_status":"closed","ping_status":"closed","sticky":false,"template":"","format":"standard","meta":{"footnotes":""},"categories":[17991],"tags":[],"class_list":["post-177580","post","type-post","status-publish","format-standard","","category-son-dakika"],"_links":{"self":[{"href":"https:\/\/archive.sana.sy\/tr\/index.php?rest_route=\/wp\/v2\/posts\/177580","targetHints":{"allow":["GET"]}}],"collection":[{"href":"https:\/\/archive.sana.sy\/tr\/index.php?rest_route=\/wp\/v2\/posts"}],"about":[{"href":"https:\/\/archive.sana.sy\/tr\/index.php?rest_route=\/wp\/v2\/types\/post"}],"author":[{"embeddable":true,"href":"https:\/\/archive.sana.sy\/tr\/index.php?rest_route=\/wp\/v2\/users\/1"}],"replies":[{"embeddable":true,"href":"https:\/\/archive.sana.sy\/tr\/index.php?rest_route=%2Fwp%2Fv2%2Fcomments&post=177580"}],"version-history":[{"count":0,"href":"https:\/\/archive.sana.sy\/tr\/index.php?rest_route=\/wp\/v2\/posts\/177580\/revisions"}],"wp:attachment":[{"href":"https:\/\/archive.sana.sy\/tr\/index.php?rest_route=%2Fwp%2Fv2%2Fmedia&parent=177580"}],"wp:term":[{"taxonomy":"category","embeddable":true,"href":"https:\/\/archive.sana.sy\/tr\/index.php?rest_route=%2Fwp%2Fv2%2Fcategories&post=177580"},{"taxonomy":"post_tag","embeddable":true,"href":"https:\/\/archive.sana.sy\/tr\/index.php?rest_route=%2Fwp%2Fv2%2Ftags&post=177580"}],"curies":[{"name":"wp","href":"https:\/\/api.w.org\/{rel}","templated":true}]}}