{"id":177585,"date":"2019-03-18T15:06:16","date_gmt":"2019-03-18T13:06:16","guid":{"rendered":"http:\/\/www.sana.sy\/tr\/?p=177585"},"modified":"2019-03-18T15:06:16","modified_gmt":"2019-03-18T13:06:16","slug":"ortak-basin-toplantisinda-konusan-iran-genelkurmay-baskani-bakiri-suriyenin-egemenligi-ve-bagimsizliginin-yani-sira-toprak-ve-halk-butunlugune-saygi-gosterilip-koruma-oneminin-bir-kez-daha-altini-ci","status":"publish","type":"post","link":"https:\/\/archive.sana.sy\/tr\/?p=177585","title":{"rendered":"Ortak bas\u0131n toplant\u0131s\u0131nda konu\u015fan \u0130ran Genelkurmay Ba\u015fkan\u0131 Bakiri Suriye&#8217;nin egemenli\u011fi ve ba\u011f\u0131ms\u0131zl\u0131\u011f\u0131n\u0131n yan\u0131 s\u0131ra toprak ve halk b\u00fct\u00fcnl\u00fc\u011f\u00fcne sayg\u0131 g\u00f6sterilip koruma \u00f6neminin bir kez daha alt\u0131n\u0131 \u00e7izdi."},"content":{"rendered":"<p>Ortak bas\u0131n toplant\u0131s\u0131nda konu\u015fan \u0130ran Genelkurmay Ba\u015fkan\u0131 Bakiri Suriye&#8217;nin egemenli\u011fi ve ba\u011f\u0131ms\u0131zl\u0131\u011f\u0131n\u0131n yan\u0131 s\u0131ra toprak ve halk b\u00fct\u00fcnl\u00fc\u011f\u00fcne sayg\u0131 g\u00f6sterilip koruma \u00f6neminin bir kez daha alt\u0131n\u0131 \u00e7izdi.<\/p>\n","protected":false},"excerpt":{"rendered":"<p>Ortak bas\u0131n toplant\u0131s\u0131nda konu\u015fan \u0130ran Genelkurmay Ba\u015fkan\u0131 Bakiri Suriye&#8217;nin egemenli\u011fi ve ba\u011f\u0131ms\u0131zl\u0131\u011f\u0131n\u0131n yan\u0131 s\u0131ra toprak ve halk b\u00fct\u00fcnl\u00fc\u011f\u00fcne sayg\u0131 g\u00f6sterilip koruma \u00f6neminin bir kez daha alt\u0131n\u0131 \u00e7izdi.<\/p>\n","protected":false},"author":1,"featured_media":0,"comment_status":"closed","ping_status":"closed","sticky":false,"template":"","format":"standard","meta":{"footnotes":""},"categories":[17991],"tags":[],"class_list":["post-177585","post","type-post","status-publish","format-standard","","category-son-dakika"],"_links":{"self":[{"href":"https:\/\/archive.sana.sy\/tr\/index.php?rest_route=\/wp\/v2\/posts\/177585","targetHints":{"allow":["GET"]}}],"collection":[{"href":"https:\/\/archive.sana.sy\/tr\/index.php?rest_route=\/wp\/v2\/posts"}],"about":[{"href":"https:\/\/archive.sana.sy\/tr\/index.php?rest_route=\/wp\/v2\/types\/post"}],"author":[{"embeddable":true,"href":"https:\/\/archive.sana.sy\/tr\/index.php?rest_route=\/wp\/v2\/users\/1"}],"replies":[{"embeddable":true,"href":"https:\/\/archive.sana.sy\/tr\/index.php?rest_route=%2Fwp%2Fv2%2Fcomments&post=177585"}],"version-history":[{"count":0,"href":"https:\/\/archive.sana.sy\/tr\/index.php?rest_route=\/wp\/v2\/posts\/177585\/revisions"}],"wp:attachment":[{"href":"https:\/\/archive.sana.sy\/tr\/index.php?rest_route=%2Fwp%2Fv2%2Fmedia&parent=177585"}],"wp:term":[{"taxonomy":"category","embeddable":true,"href":"https:\/\/archive.sana.sy\/tr\/index.php?rest_route=%2Fwp%2Fv2%2Fcategories&post=177585"},{"taxonomy":"post_tag","embeddable":true,"href":"https:\/\/archive.sana.sy\/tr\/index.php?rest_route=%2Fwp%2Fv2%2Ftags&post=177585"}],"curies":[{"name":"wp","href":"https:\/\/api.w.org\/{rel}","templated":true}]}}