{"id":177589,"date":"2019-03-18T15:07:34","date_gmt":"2019-03-18T13:07:34","guid":{"rendered":"http:\/\/www.sana.sy\/tr\/?p=177589"},"modified":"2019-03-18T15:08:38","modified_gmt":"2019-03-18T13:08:38","slug":"bakiri-suriyede-devletin-izin-ve-onayi-olmaksizin-bulunan-herhangi-bir-yabanci-gucun-varligina-son-verme-geregine-vurgu-yapti","status":"publish","type":"post","link":"https:\/\/archive.sana.sy\/tr\/?p=177589","title":{"rendered":"Bakiri Suriye&#8217;de devletin izin ve onay\u0131 olmaks\u0131z\u0131n bulunan herhangi bir yabanc\u0131 g\u00fcc\u00fcn varl\u0131\u011f\u0131na son verme gere\u011fine vurgu yapt\u0131. Suriye&#8217;de bulunan \u0130ranl\u0131 g\u00fc\u00e7lerin Suriye devletinin talebi, izni ve onay\u0131 \u00fczerine bulunduklar\u0131n\u0131 ifade eden Bakiri; Suriye&#8217;nin istedi\u011fi s\u00fcrece bu g\u00fc\u00e7lerin Suriye&#8217;de kalacaklar\u0131n\u0131 s\u00f6yledi."},"content":{"rendered":"<p>Bakiri Suriye&#8217;de devletin izin ve onay\u0131 olmaks\u0131z\u0131n bulunan herhangi bir yabanc\u0131 g\u00fcc\u00fcn varl\u0131\u011f\u0131na son verme gere\u011fine vurgu yapt\u0131. Suriye&#8217;de bulunan \u0130ranl\u0131 g\u00fc\u00e7lerin Suriye devletinin talebi, izni ve onay\u0131 \u00fczerine bulunduklar\u0131n\u0131 ifade eden Bakiri; Suriye&#8217;nin istedi\u011fi s\u00fcrece bu g\u00fc\u00e7lerin Suriye&#8217;de kalacaklar\u0131n\u0131 s\u00f6yledi.<\/p>\n","protected":false},"excerpt":{"rendered":"<p>Bakiri Suriye&#8217;de devletin izin ve onay\u0131 olmaks\u0131z\u0131n bulunan herhangi bir yabanc\u0131 g\u00fcc\u00fcn varl\u0131\u011f\u0131na son verme gere\u011fine vurgu yapt\u0131. Suriye&#8217;de bulunan \u0130ranl\u0131 g\u00fc\u00e7lerin Suriye devletinin talebi, izni ve onay\u0131 \u00fczerine bulunduklar\u0131n\u0131 ifade eden Bakiri; Suriye&#8217;nin istedi\u011fi s\u00fcrece bu g\u00fc\u00e7lerin Suriye&#8217;de kalacaklar\u0131n\u0131 s\u00f6yledi.<\/p>\n","protected":false},"author":1,"featured_media":0,"comment_status":"closed","ping_status":"closed","sticky":false,"template":"","format":"standard","meta":{"footnotes":""},"categories":[17991],"tags":[],"class_list":["post-177589","post","type-post","status-publish","format-standard","","category-son-dakika"],"_links":{"self":[{"href":"https:\/\/archive.sana.sy\/tr\/index.php?rest_route=\/wp\/v2\/posts\/177589","targetHints":{"allow":["GET"]}}],"collection":[{"href":"https:\/\/archive.sana.sy\/tr\/index.php?rest_route=\/wp\/v2\/posts"}],"about":[{"href":"https:\/\/archive.sana.sy\/tr\/index.php?rest_route=\/wp\/v2\/types\/post"}],"author":[{"embeddable":true,"href":"https:\/\/archive.sana.sy\/tr\/index.php?rest_route=\/wp\/v2\/users\/1"}],"replies":[{"embeddable":true,"href":"https:\/\/archive.sana.sy\/tr\/index.php?rest_route=%2Fwp%2Fv2%2Fcomments&post=177589"}],"version-history":[{"count":0,"href":"https:\/\/archive.sana.sy\/tr\/index.php?rest_route=\/wp\/v2\/posts\/177589\/revisions"}],"wp:attachment":[{"href":"https:\/\/archive.sana.sy\/tr\/index.php?rest_route=%2Fwp%2Fv2%2Fmedia&parent=177589"}],"wp:term":[{"taxonomy":"category","embeddable":true,"href":"https:\/\/archive.sana.sy\/tr\/index.php?rest_route=%2Fwp%2Fv2%2Fcategories&post=177589"},{"taxonomy":"post_tag","embeddable":true,"href":"https:\/\/archive.sana.sy\/tr\/index.php?rest_route=%2Fwp%2Fv2%2Ftags&post=177589"}],"curies":[{"name":"wp","href":"https:\/\/api.w.org\/{rel}","templated":true}]}}