{"id":177593,"date":"2019-03-18T15:10:28","date_gmt":"2019-03-18T13:10:28","guid":{"rendered":"http:\/\/www.sana.sy\/tr\/?p=177593"},"modified":"2019-03-18T15:10:28","modified_gmt":"2019-03-18T13:10:28","slug":"irak-genelkurmay-baskani-ganimi-ise-basin-toplantisinda-yaptigi-konusmada-onumuzdeki-gunlerin-suriye-ve-irak-arasindaki-sinir-kapisinin-yeniden-hizmete-acilmasina-tanik-olacagini-acikladi","status":"publish","type":"post","link":"https:\/\/archive.sana.sy\/tr\/?p=177593","title":{"rendered":"Irak Genelkurmay Ba\u015fkan\u0131 Ganimi ise bas\u0131n toplant\u0131s\u0131nda yapt\u0131\u011f\u0131 konu\u015fmada; \u00f6n\u00fcm\u00fczdeki g\u00fcnlerin Suriye ve Irak aras\u0131ndaki s\u0131n\u0131r kap\u0131s\u0131n\u0131n yeniden hizmete a\u00e7\u0131lmas\u0131na tan\u0131k olaca\u011f\u0131n\u0131 a\u00e7\u0131klad\u0131"},"content":{"rendered":"<p>Irak Genelkurmay Ba\u015fkan\u0131 Ganimi ise bas\u0131n toplant\u0131s\u0131nda yapt\u0131\u011f\u0131 konu\u015fmada; \u00f6n\u00fcm\u00fczdeki g\u00fcnlerin Suriye ve Irak aras\u0131ndaki s\u0131n\u0131r kap\u0131s\u0131n\u0131n yeniden hizmete a\u00e7\u0131lmas\u0131na tan\u0131k olaca\u011f\u0131n\u0131 a\u00e7\u0131klad\u0131<\/p>\n","protected":false},"excerpt":{"rendered":"<p>Irak Genelkurmay Ba\u015fkan\u0131 Ganimi ise bas\u0131n toplant\u0131s\u0131nda yapt\u0131\u011f\u0131 konu\u015fmada; \u00f6n\u00fcm\u00fczdeki g\u00fcnlerin Suriye ve Irak aras\u0131ndaki s\u0131n\u0131r kap\u0131s\u0131n\u0131n yeniden hizmete a\u00e7\u0131lmas\u0131na tan\u0131k olaca\u011f\u0131n\u0131 a\u00e7\u0131klad\u0131<\/p>\n","protected":false},"author":1,"featured_media":0,"comment_status":"closed","ping_status":"closed","sticky":false,"template":"","format":"standard","meta":{"footnotes":""},"categories":[17991],"tags":[],"class_list":["post-177593","post","type-post","status-publish","format-standard","","category-son-dakika"],"_links":{"self":[{"href":"https:\/\/archive.sana.sy\/tr\/index.php?rest_route=\/wp\/v2\/posts\/177593","targetHints":{"allow":["GET"]}}],"collection":[{"href":"https:\/\/archive.sana.sy\/tr\/index.php?rest_route=\/wp\/v2\/posts"}],"about":[{"href":"https:\/\/archive.sana.sy\/tr\/index.php?rest_route=\/wp\/v2\/types\/post"}],"author":[{"embeddable":true,"href":"https:\/\/archive.sana.sy\/tr\/index.php?rest_route=\/wp\/v2\/users\/1"}],"replies":[{"embeddable":true,"href":"https:\/\/archive.sana.sy\/tr\/index.php?rest_route=%2Fwp%2Fv2%2Fcomments&post=177593"}],"version-history":[{"count":0,"href":"https:\/\/archive.sana.sy\/tr\/index.php?rest_route=\/wp\/v2\/posts\/177593\/revisions"}],"wp:attachment":[{"href":"https:\/\/archive.sana.sy\/tr\/index.php?rest_route=%2Fwp%2Fv2%2Fmedia&parent=177593"}],"wp:term":[{"taxonomy":"category","embeddable":true,"href":"https:\/\/archive.sana.sy\/tr\/index.php?rest_route=%2Fwp%2Fv2%2Fcategories&post=177593"},{"taxonomy":"post_tag","embeddable":true,"href":"https:\/\/archive.sana.sy\/tr\/index.php?rest_route=%2Fwp%2Fv2%2Ftags&post=177593"}],"curies":[{"name":"wp","href":"https:\/\/api.w.org\/{rel}","templated":true}]}}