{"id":177604,"date":"2019-03-18T15:15:29","date_gmt":"2019-03-18T13:15:29","guid":{"rendered":"http:\/\/www.sana.sy\/tr\/?p=177604"},"modified":"2019-03-18T15:15:29","modified_gmt":"2019-03-18T13:15:29","slug":"bakiri-suriye-iran-ve-irakin-teroru-tamamen-yok-etme-kararliligi-ve-azminde-olduklarinin-altini-cizerken-ucu-arasinda-yuksek-duzeyli-bir-koordinasyon-isbirligi-ve-anlasmanin-bulunduguna-di","status":"publish","type":"post","link":"https:\/\/archive.sana.sy\/tr\/?p=177604","title":{"rendered":"Bakiri Suriye, \u0130ran ve Irak\u2019\u0131n ter\u00f6r\u00fc tamamen yok etme kararl\u0131l\u0131\u011f\u0131 ve azminde olduklar\u0131n\u0131n alt\u0131n\u0131 \u00e7izerken, \u00fc\u00e7\u00fc aras\u0131nda y\u00fcksek d\u00fczeyli bir koordinasyon, i\u015fbirli\u011fi ve anla\u015fman\u0131n bulundu\u011funa dikkat \u00e7ekti."},"content":{"rendered":"<p>Bakiri Suriye, \u0130ran ve Irak\u2019\u0131n ter\u00f6r\u00fc tamamen yok etme kararl\u0131l\u0131\u011f\u0131 ve azminde olduklar\u0131n\u0131n alt\u0131n\u0131 \u00e7izerken, \u00fc\u00e7\u00fc aras\u0131nda y\u00fcksek d\u00fczeyli bir koordinasyon, i\u015fbirli\u011fi ve anla\u015fman\u0131n bulundu\u011funa dikkat \u00e7ekti.<\/p>\n","protected":false},"excerpt":{"rendered":"<p>Bakiri Suriye, \u0130ran ve Irak\u2019\u0131n ter\u00f6r\u00fc tamamen yok etme kararl\u0131l\u0131\u011f\u0131 ve azminde olduklar\u0131n\u0131n alt\u0131n\u0131 \u00e7izerken, \u00fc\u00e7\u00fc aras\u0131nda y\u00fcksek d\u00fczeyli bir koordinasyon, i\u015fbirli\u011fi ve anla\u015fman\u0131n bulundu\u011funa dikkat \u00e7ekti.<\/p>\n","protected":false},"author":1,"featured_media":0,"comment_status":"closed","ping_status":"closed","sticky":false,"template":"","format":"standard","meta":{"footnotes":""},"categories":[17991],"tags":[],"class_list":["post-177604","post","type-post","status-publish","format-standard","","category-son-dakika"],"_links":{"self":[{"href":"https:\/\/archive.sana.sy\/tr\/index.php?rest_route=\/wp\/v2\/posts\/177604","targetHints":{"allow":["GET"]}}],"collection":[{"href":"https:\/\/archive.sana.sy\/tr\/index.php?rest_route=\/wp\/v2\/posts"}],"about":[{"href":"https:\/\/archive.sana.sy\/tr\/index.php?rest_route=\/wp\/v2\/types\/post"}],"author":[{"embeddable":true,"href":"https:\/\/archive.sana.sy\/tr\/index.php?rest_route=\/wp\/v2\/users\/1"}],"replies":[{"embeddable":true,"href":"https:\/\/archive.sana.sy\/tr\/index.php?rest_route=%2Fwp%2Fv2%2Fcomments&post=177604"}],"version-history":[{"count":0,"href":"https:\/\/archive.sana.sy\/tr\/index.php?rest_route=\/wp\/v2\/posts\/177604\/revisions"}],"wp:attachment":[{"href":"https:\/\/archive.sana.sy\/tr\/index.php?rest_route=%2Fwp%2Fv2%2Fmedia&parent=177604"}],"wp:term":[{"taxonomy":"category","embeddable":true,"href":"https:\/\/archive.sana.sy\/tr\/index.php?rest_route=%2Fwp%2Fv2%2Fcategories&post=177604"},{"taxonomy":"post_tag","embeddable":true,"href":"https:\/\/archive.sana.sy\/tr\/index.php?rest_route=%2Fwp%2Fv2%2Ftags&post=177604"}],"curies":[{"name":"wp","href":"https:\/\/api.w.org\/{rel}","templated":true}]}}