{"id":177606,"date":"2019-03-18T15:16:52","date_gmt":"2019-03-18T13:16:52","guid":{"rendered":"http:\/\/www.sana.sy\/tr\/?p=177606"},"modified":"2019-03-18T15:17:57","modified_gmt":"2019-03-18T13:17:57","slug":"irak-genelkurmay-baskani-ganimi-suriye-ve-irak-guvenliginin-parcalanmaz-bir-butun-oldugunun-altini-cizerken-suriyenin-irakin-derinligi-irakin-da-suriyenin-derinligi-sayildigini","status":"publish","type":"post","link":"https:\/\/archive.sana.sy\/tr\/?p=177606","title":{"rendered":"Irak Genelkurmay Ba\u015fkan\u0131 Ganimi Suriye ve Irak g\u00fcvenli\u011finin par\u00e7alanmaz bir b\u00fct\u00fcn oldu\u011funun alt\u0131n\u0131 \u00e7izerken; Suriye&#8217;nin Irak\u2019\u0131n derinli\u011fi, Irak\u2019\u0131n da Suriye&#8217;nin derinli\u011fi say\u0131ld\u0131\u011f\u0131n\u0131 kaydetti. Ganimi dolay\u0131s\u0131yla Suriye ve Irak aras\u0131ndaki koordinasyonun daha \u00f6nce te\u015fkil edilen ortak bilgi ve koordinasyon merkezi arac\u0131l\u0131\u011f\u0131 ile devam edece\u011fini belirtti."},"content":{"rendered":"<p>Irak Genelkurmay Ba\u015fkan\u0131 Ganimi Suriye ve Irak g\u00fcvenli\u011finin par\u00e7alanmaz bir b\u00fct\u00fcn oldu\u011funun alt\u0131n\u0131 \u00e7izerken; Suriye&#8217;nin Irak\u2019\u0131n derinli\u011fi, Irak\u2019\u0131n da Suriye&#8217;nin derinli\u011fi say\u0131ld\u0131\u011f\u0131n\u0131 kaydetti. Ganimi dolay\u0131s\u0131yla Suriye ve Irak aras\u0131ndaki koordinasyonun daha \u00f6nce te\u015fkil edilen ortak bilgi ve koordinasyon merkezi arac\u0131l\u0131\u011f\u0131 ile devam edece\u011fini belirtti.<\/p>\n","protected":false},"excerpt":{"rendered":"<p>Irak Genelkurmay Ba\u015fkan\u0131 Ganimi Suriye ve Irak g\u00fcvenli\u011finin par\u00e7alanmaz bir b\u00fct\u00fcn oldu\u011funun alt\u0131n\u0131 \u00e7izerken; Suriye&#8217;nin Irak\u2019\u0131n derinli\u011fi, Irak\u2019\u0131n da Suriye&#8217;nin derinli\u011fi say\u0131ld\u0131\u011f\u0131n\u0131 kaydetti. Ganimi dolay\u0131s\u0131yla Suriye ve Irak aras\u0131ndaki koordinasyonun daha \u00f6nce te\u015fkil edilen ortak bilgi ve koordinasyon merkezi arac\u0131l\u0131\u011f\u0131 ile devam edece\u011fini belirtti.<\/p>\n","protected":false},"author":1,"featured_media":0,"comment_status":"closed","ping_status":"closed","sticky":false,"template":"","format":"standard","meta":{"footnotes":""},"categories":[17991],"tags":[],"class_list":["post-177606","post","type-post","status-publish","format-standard","","category-son-dakika"],"_links":{"self":[{"href":"https:\/\/archive.sana.sy\/tr\/index.php?rest_route=\/wp\/v2\/posts\/177606","targetHints":{"allow":["GET"]}}],"collection":[{"href":"https:\/\/archive.sana.sy\/tr\/index.php?rest_route=\/wp\/v2\/posts"}],"about":[{"href":"https:\/\/archive.sana.sy\/tr\/index.php?rest_route=\/wp\/v2\/types\/post"}],"author":[{"embeddable":true,"href":"https:\/\/archive.sana.sy\/tr\/index.php?rest_route=\/wp\/v2\/users\/1"}],"replies":[{"embeddable":true,"href":"https:\/\/archive.sana.sy\/tr\/index.php?rest_route=%2Fwp%2Fv2%2Fcomments&post=177606"}],"version-history":[{"count":0,"href":"https:\/\/archive.sana.sy\/tr\/index.php?rest_route=\/wp\/v2\/posts\/177606\/revisions"}],"wp:attachment":[{"href":"https:\/\/archive.sana.sy\/tr\/index.php?rest_route=%2Fwp%2Fv2%2Fmedia&parent=177606"}],"wp:term":[{"taxonomy":"category","embeddable":true,"href":"https:\/\/archive.sana.sy\/tr\/index.php?rest_route=%2Fwp%2Fv2%2Fcategories&post=177606"},{"taxonomy":"post_tag","embeddable":true,"href":"https:\/\/archive.sana.sy\/tr\/index.php?rest_route=%2Fwp%2Fv2%2Ftags&post=177606"}],"curies":[{"name":"wp","href":"https:\/\/api.w.org\/{rel}","templated":true}]}}