{"id":177610,"date":"2019-03-18T15:19:07","date_gmt":"2019-03-18T13:19:07","guid":{"rendered":"http:\/\/www.sana.sy\/tr\/?p=177610"},"modified":"2019-03-18T15:19:07","modified_gmt":"2019-03-18T13:19:07","slug":"suriye-ve-irak-sinirlarinda-guvenligin-onemine-vurgu-yapan-irak-genelkurmay-baskani-ganimi-sinirlarin-iki-taraftan-suriye-ve-irak-ordulari-tarafindan-korunup-guvenliklerinin-saglandigini-ifade-etti","status":"publish","type":"post","link":"https:\/\/archive.sana.sy\/tr\/?p=177610","title":{"rendered":"Suriye ve Irak s\u0131n\u0131rlar\u0131nda g\u00fcvenli\u011fin \u00f6nemine vurgu yapan Irak Genelkurmay Ba\u015fkan\u0131 Ganimi; s\u0131n\u0131rlar\u0131n iki taraftan Suriye ve Irak ordular\u0131 taraf\u0131ndan korunup g\u00fcvenliklerinin sa\u011fland\u0131\u011f\u0131n\u0131 ifade etti."},"content":{"rendered":"<p>Suriye ve Irak s\u0131n\u0131rlar\u0131nda g\u00fcvenli\u011fin \u00f6nemine vurgu yapan Irak Genelkurmay Ba\u015fkan\u0131 Ganimi; s\u0131n\u0131rlar\u0131n iki taraftan Suriye ve Irak ordular\u0131 taraf\u0131ndan korunup g\u00fcvenliklerinin sa\u011fland\u0131\u011f\u0131n\u0131 ifade etti.<\/p>\n","protected":false},"excerpt":{"rendered":"<p>Suriye ve Irak s\u0131n\u0131rlar\u0131nda g\u00fcvenli\u011fin \u00f6nemine vurgu yapan Irak Genelkurmay Ba\u015fkan\u0131 Ganimi; s\u0131n\u0131rlar\u0131n iki taraftan Suriye ve Irak ordular\u0131 taraf\u0131ndan korunup g\u00fcvenliklerinin sa\u011fland\u0131\u011f\u0131n\u0131 ifade etti.<\/p>\n","protected":false},"author":1,"featured_media":0,"comment_status":"closed","ping_status":"closed","sticky":false,"template":"","format":"standard","meta":{"footnotes":""},"categories":[17991],"tags":[],"class_list":["post-177610","post","type-post","status-publish","format-standard","","category-son-dakika"],"_links":{"self":[{"href":"https:\/\/archive.sana.sy\/tr\/index.php?rest_route=\/wp\/v2\/posts\/177610","targetHints":{"allow":["GET"]}}],"collection":[{"href":"https:\/\/archive.sana.sy\/tr\/index.php?rest_route=\/wp\/v2\/posts"}],"about":[{"href":"https:\/\/archive.sana.sy\/tr\/index.php?rest_route=\/wp\/v2\/types\/post"}],"author":[{"embeddable":true,"href":"https:\/\/archive.sana.sy\/tr\/index.php?rest_route=\/wp\/v2\/users\/1"}],"replies":[{"embeddable":true,"href":"https:\/\/archive.sana.sy\/tr\/index.php?rest_route=%2Fwp%2Fv2%2Fcomments&post=177610"}],"version-history":[{"count":0,"href":"https:\/\/archive.sana.sy\/tr\/index.php?rest_route=\/wp\/v2\/posts\/177610\/revisions"}],"wp:attachment":[{"href":"https:\/\/archive.sana.sy\/tr\/index.php?rest_route=%2Fwp%2Fv2%2Fmedia&parent=177610"}],"wp:term":[{"taxonomy":"category","embeddable":true,"href":"https:\/\/archive.sana.sy\/tr\/index.php?rest_route=%2Fwp%2Fv2%2Fcategories&post=177610"},{"taxonomy":"post_tag","embeddable":true,"href":"https:\/\/archive.sana.sy\/tr\/index.php?rest_route=%2Fwp%2Fv2%2Ftags&post=177610"}],"curies":[{"name":"wp","href":"https:\/\/api.w.org\/{rel}","templated":true}]}}