{"id":177612,"date":"2019-03-18T15:58:35","date_gmt":"2019-03-18T13:58:35","guid":{"rendered":"http:\/\/www.sana.sy\/tr\/?p=177612"},"modified":"2019-03-19T13:18:04","modified_gmt":"2019-03-19T11:18:04","slug":"ala-israilin-bu-konuda-odun-vermesi-soz-konusu-olamaz","status":"publish","type":"post","link":"https:\/\/archive.sana.sy\/tr\/?p=177612","title":{"rendered":"Ala: \u0130srail&#8217;in Bu Konuda \u00d6d\u00fcn Vermesi S\u00f6z Konusu Olamaz"},"content":{"rendered":"<p>CENEVRE \u2013 Suriye&#8217;nin Cenevre\u2019de Birle\u015fmi\u015f Milletler ve di\u011fer uluslararas\u0131 organizasyonlarda daimi temsilcisi B\u00fcy\u00fckel\u00e7i H\u00fcsamettin Ala BM \u0130nsan Haklar\u0131 Konseyi toplant\u0131s\u0131nda bug\u00fcn Suriye ad\u0131na bir konu\u015fma yapt\u0131.<\/p>\n<p>Ala konu\u015fmas\u0131nda \u0130srail i\u015fgali alt\u0131ndaki Golan topraklar\u0131nda ya\u015fayan Suriyeli yurtta\u015flar\u0131m\u0131z\u0131n i\u015fgal otoritelerinin t\u00fcm dayatma ve bask\u0131lar\u0131na ra\u011fmen hala kimliklerine ve anavatanlar\u0131 Suriye\u2019ye s\u0131ms\u0131k\u0131 tutunduklar\u0131n\u0131 belirtti.<\/p>\n<p>\u0130srail\u2019in Golanl\u0131 yurtta\u015flar\u0131m\u0131za dayatma, bask\u0131, asimile etme ve me\u015fru haklar\u0131n\u0131 gasp etme ama\u00e7l\u0131 sistematik plan ve muamelesine dikkat \u00e7eken Ala; yurtta\u015flar\u0131m\u0131z ile anavatanlar\u0131 aras\u0131ndaki ba\u011flant\u0131y\u0131 kesme ama\u00e7l\u0131 despot icraatlara vurgu yapt\u0131.<\/p>\n<p>Daimi Temsilci Ala Birle\u015fmi\u015f Milletler G\u00fcvenlik Konseyinin 1981 tarihli 497 say\u0131l\u0131 karar\u0131n\u0131n \u0130srail&#8217;in Golan\u2019a i\u015fgalini h\u00fck\u00fcms\u00fcz ve bat\u0131l sayd\u0131\u011f\u0131na vurgu yaparken; \u0130srail&#8217;in bu karara ra\u011fmen Golan\u2019da kendi kanunlar\u0131n\u0131 dayatmaya \u00e7al\u0131\u015f\u0131p uluslararas\u0131 kanun ve kararlar\u0131 ihlal etmeye devam etmesini k\u0131nad\u0131.<\/p>\n<p>Ala \u0130srail&#8217;in Golan\u2019da emri vaki bir durum yaratmak amac\u0131yla d\u00fcnyan\u0131n farkl\u0131 yerlerinden toplad\u0131\u011f\u0131 Siyonistleri Golan\u2019da yerle\u015ftirme ve Golanl\u0131lar\u0131n topraklar\u0131n\u0131 gasp etmeye devam etti\u011fine dikkat \u00e7ekti. \u0130srail&#8217;in Golan topraklar\u0131ndaki zenginlikleri s\u00f6m\u00fcrmeye devam etti\u011fine de vurgu yapan Ala; Golan\u2019da sular\u0131 gasp etti\u011fini ve as\u0131l sahiplerini bu sulardan mahrum b\u0131rakt\u0131\u011f\u0131n\u0131 s\u00f6yledi.<\/p>\n<p>Ala \u0130srail&#8217;in uluslararas\u0131 kanun ve kararlar\u0131 ihlal etmeye devam etmesinin ABD ve m\u00fcttefiklerinin temin ettikleri koruma ve \u00f6rt\u00fc sayesinde oldu\u011funa dikkat \u00e7ekti. Uluslararas\u0131 toplumun \u0130srail\u2019in ihlalleri ve arbedesi kar\u015f\u0131s\u0131nda sessiz kalmas\u0131n\u0131 ele\u015ftiren Ala; \u0130srail\u2019in uluslararas\u0131 kanun ve kararlara sayg\u0131 duyup ba\u011fl\u0131 kalmas\u0131 i\u00e7in BM, BMGK ve uluslararas\u0131 toplumu bir kez daha g\u00f6reve \u00e7a\u011f\u0131rd\u0131.<\/p>\n<p>\u0130srail&#8217;in BM misak\u0131 ve uluslararas\u0131 kanunlara ihlallerinin yol a\u00e7t\u0131\u011f\u0131 tehlikelere dikkat \u00e7eken Ala; Suriye&#8217;nin me\u015fru hakk\u0131 olan Golan\u2019dan hi\u00e7bir ko\u015ful alt\u0131nda vazge\u00e7mesi ya da \u00f6d\u00fcn vermesinin s\u00f6z konusu bile olamayaca\u011f\u0131n\u0131n alt\u0131n\u0131 \u00e7izdi.<\/p>\n","protected":false},"excerpt":{"rendered":"<p>CENEVRE \u2013 Suriye&#8217;nin Cenevre\u2019de Birle\u015fmi\u015f Milletler ve di\u011fer uluslararas\u0131 organizasyonlarda daimi temsilcisi B\u00fcy\u00fckel\u00e7i H\u00fcsamettin Ala BM \u0130nsan Haklar\u0131 Konseyi toplant\u0131s\u0131nda bug\u00fcn Suriye ad\u0131na bir konu\u015fma yapt\u0131. Ala konu\u015fmas\u0131nda \u0130srail i\u015fgali alt\u0131ndaki Golan topraklar\u0131nda ya\u015fayan Suriyeli yurtta\u015flar\u0131m\u0131z\u0131n i\u015fgal otoritelerinin t\u00fcm dayatma ve bask\u0131lar\u0131na ra\u011fmen hala kimliklerine ve anavatanlar\u0131 Suriye\u2019ye s\u0131ms\u0131k\u0131 tutunduklar\u0131n\u0131 belirtti. \u0130srail\u2019in Golanl\u0131 yurtta\u015flar\u0131m\u0131za dayatma, &hellip;<\/p>\n","protected":false},"author":1,"featured_media":177627,"comment_status":"closed","ping_status":"closed","sticky":false,"template":"","format":"standard","meta":{"footnotes":""},"categories":[458,459,17988],"tags":[],"class_list":["post-177612","post","type-post","status-publish","format-standard","has-post-thumbnail","","category-dunya1","category-haberler-arap-uluslararasi-politika","category-son-haberler"],"_links":{"self":[{"href":"https:\/\/archive.sana.sy\/tr\/index.php?rest_route=\/wp\/v2\/posts\/177612","targetHints":{"allow":["GET"]}}],"collection":[{"href":"https:\/\/archive.sana.sy\/tr\/index.php?rest_route=\/wp\/v2\/posts"}],"about":[{"href":"https:\/\/archive.sana.sy\/tr\/index.php?rest_route=\/wp\/v2\/types\/post"}],"author":[{"embeddable":true,"href":"https:\/\/archive.sana.sy\/tr\/index.php?rest_route=\/wp\/v2\/users\/1"}],"replies":[{"embeddable":true,"href":"https:\/\/archive.sana.sy\/tr\/index.php?rest_route=%2Fwp%2Fv2%2Fcomments&post=177612"}],"version-history":[{"count":0,"href":"https:\/\/archive.sana.sy\/tr\/index.php?rest_route=\/wp\/v2\/posts\/177612\/revisions"}],"wp:featuredmedia":[{"embeddable":true,"href":"https:\/\/archive.sana.sy\/tr\/index.php?rest_route=\/wp\/v2\/media\/177627"}],"wp:attachment":[{"href":"https:\/\/archive.sana.sy\/tr\/index.php?rest_route=%2Fwp%2Fv2%2Fmedia&parent=177612"}],"wp:term":[{"taxonomy":"category","embeddable":true,"href":"https:\/\/archive.sana.sy\/tr\/index.php?rest_route=%2Fwp%2Fv2%2Fcategories&post=177612"},{"taxonomy":"post_tag","embeddable":true,"href":"https:\/\/archive.sana.sy\/tr\/index.php?rest_route=%2Fwp%2Fv2%2Ftags&post=177612"}],"curies":[{"name":"wp","href":"https:\/\/api.w.org\/{rel}","templated":true}]}}