{"id":177630,"date":"2019-03-18T15:30:38","date_gmt":"2019-03-18T13:30:38","guid":{"rendered":"http:\/\/www.sana.sy\/tr\/?p=177630"},"modified":"2019-03-19T13:15:26","modified_gmt":"2019-03-19T11:15:26","slug":"beldelerine-donen-ailelere-yardimlar-dagitildi","status":"publish","type":"post","link":"https:\/\/archive.sana.sy\/tr\/?p=177630","title":{"rendered":"Beldelerine D\u00f6nen Ailelere Yard\u0131mlar Da\u011f\u0131t\u0131ld\u0131"},"content":{"rendered":"<p>DERA \u2013 Suriye K\u0131z\u0131lay \u00d6rg\u00fct\u00fcn\u00fcn Dera \u0130l \u015eubesi bug\u00fcn daha \u00f6nce belde ve k\u00f6ylerinden tehcir edilmeleri ard\u0131ndan ordunun bu b\u00f6lgeleri ter\u00f6rden kurtar\u0131p g\u00fcvenli\u011fi sa\u011flamas\u0131 ard\u0131ndan evlerine d\u00f6nen ailelere insani yard\u0131mlar da\u011f\u0131tt\u0131.<\/p>\n<p>K\u0131z\u0131lay Dera \u0130l \u015eubesi yay\u0131nlad\u0131\u011f\u0131 beyanda; K\u0131z\u0131lay \u00e7al\u0131\u015fanlar\u0131n\u0131n Dera \u0130linin kuzeybat\u0131 k\u0131rsal\u0131n\u0131n bir\u00e7ok belde ve k\u00f6y\u00fcnde evlerine d\u00f6nen 3665 aileye yard\u0131m paketleri da\u011f\u0131tt\u0131klar\u0131n\u0131 belirtti. Beyanda da\u011f\u0131t\u0131lan yard\u0131mlar\u0131n i\u00e7inde muhtelif t\u00fcr g\u0131da \u00fcr\u00fcnlerinin yan\u0131 s\u0131ra ikamet gereksinimlerinin bulundu\u011fu ifade edildi.<\/p>\n<div id='gallery-1' class='gallery galleryid-177630 gallery-columns-1 gallery-size-full'><figure class='gallery-item'>\n\t\t\t<div class='gallery-icon landscape'>\n\t\t\t\t<a href='https:\/\/archive.sana.sy\/tr\/wp-content\/uploads\/2019\/03\/19-24.jpg'><img loading=\"lazy\" decoding=\"async\" width=\"660\" height=\"439\" src=\"https:\/\/archive.sana.sy\/tr\/wp-content\/uploads\/2019\/03\/19-24.jpg\" class=\"attachment-full size-full\" alt=\"\" srcset=\"https:\/\/archive.sana.sy\/tr\/wp-content\/uploads\/2019\/03\/19-24.jpg 660w, https:\/\/archive.sana.sy\/tr\/wp-content\/uploads\/2019\/03\/19-24-150x100.jpg 150w, https:\/\/archive.sana.sy\/tr\/wp-content\/uploads\/2019\/03\/19-24-300x200.jpg 300w, https:\/\/archive.sana.sy\/tr\/wp-content\/uploads\/2019\/03\/19-24-310x205.jpg 310w\" sizes=\"auto, (max-width: 660px) 100vw, 660px\" \/><\/a>\n\t\t\t<\/div><\/figure><figure class='gallery-item'>\n\t\t\t<div class='gallery-icon portrait'>\n\t\t\t\t<a href='https:\/\/archive.sana.sy\/tr\/wp-content\/uploads\/2019\/03\/20-33.jpg'><img loading=\"lazy\" decoding=\"async\" width=\"660\" height=\"990\" src=\"https:\/\/archive.sana.sy\/tr\/wp-content\/uploads\/2019\/03\/20-33.jpg\" class=\"attachment-full size-full\" alt=\"\" srcset=\"https:\/\/archive.sana.sy\/tr\/wp-content\/uploads\/2019\/03\/20-33.jpg 660w, https:\/\/archive.sana.sy\/tr\/wp-content\/uploads\/2019\/03\/20-33-100x150.jpg 100w, https:\/\/archive.sana.sy\/tr\/wp-content\/uploads\/2019\/03\/20-33-200x300.jpg 200w\" sizes=\"auto, (max-width: 660px) 100vw, 660px\" \/><\/a>\n\t\t\t<\/div><\/figure>\n\t\t<\/div>\n\n","protected":false},"excerpt":{"rendered":"<p>DERA \u2013 Suriye K\u0131z\u0131lay \u00d6rg\u00fct\u00fcn\u00fcn Dera \u0130l \u015eubesi bug\u00fcn daha \u00f6nce belde ve k\u00f6ylerinden tehcir edilmeleri ard\u0131ndan ordunun bu b\u00f6lgeleri ter\u00f6rden kurtar\u0131p g\u00fcvenli\u011fi sa\u011flamas\u0131 ard\u0131ndan evlerine d\u00f6nen ailelere insani yard\u0131mlar da\u011f\u0131tt\u0131. K\u0131z\u0131lay Dera \u0130l \u015eubesi yay\u0131nlad\u0131\u011f\u0131 beyanda; K\u0131z\u0131lay \u00e7al\u0131\u015fanlar\u0131n\u0131n Dera \u0130linin kuzeybat\u0131 k\u0131rsal\u0131n\u0131n bir\u00e7ok belde ve k\u00f6y\u00fcnde evlerine d\u00f6nen 3665 aileye yard\u0131m paketleri da\u011f\u0131tt\u0131klar\u0131n\u0131 belirtti. &hellip;<\/p>\n","protected":false},"author":1,"featured_media":177640,"comment_status":"closed","ping_status":"closed","sticky":false,"template":"","format":"standard","meta":{"footnotes":""},"categories":[479,17988,478],"tags":[],"class_list":["post-177630","post","type-post","status-publish","format-standard","has-post-thumbnail","","category-haberler-yerel","category-son-haberler","category-yerel"],"_links":{"self":[{"href":"https:\/\/archive.sana.sy\/tr\/index.php?rest_route=\/wp\/v2\/posts\/177630","targetHints":{"allow":["GET"]}}],"collection":[{"href":"https:\/\/archive.sana.sy\/tr\/index.php?rest_route=\/wp\/v2\/posts"}],"about":[{"href":"https:\/\/archive.sana.sy\/tr\/index.php?rest_route=\/wp\/v2\/types\/post"}],"author":[{"embeddable":true,"href":"https:\/\/archive.sana.sy\/tr\/index.php?rest_route=\/wp\/v2\/users\/1"}],"replies":[{"embeddable":true,"href":"https:\/\/archive.sana.sy\/tr\/index.php?rest_route=%2Fwp%2Fv2%2Fcomments&post=177630"}],"version-history":[{"count":0,"href":"https:\/\/archive.sana.sy\/tr\/index.php?rest_route=\/wp\/v2\/posts\/177630\/revisions"}],"wp:featuredmedia":[{"embeddable":true,"href":"https:\/\/archive.sana.sy\/tr\/index.php?rest_route=\/wp\/v2\/media\/177640"}],"wp:attachment":[{"href":"https:\/\/archive.sana.sy\/tr\/index.php?rest_route=%2Fwp%2Fv2%2Fmedia&parent=177630"}],"wp:term":[{"taxonomy":"category","embeddable":true,"href":"https:\/\/archive.sana.sy\/tr\/index.php?rest_route=%2Fwp%2Fv2%2Fcategories&post=177630"},{"taxonomy":"post_tag","embeddable":true,"href":"https:\/\/archive.sana.sy\/tr\/index.php?rest_route=%2Fwp%2Fv2%2Ftags&post=177630"}],"curies":[{"name":"wp","href":"https:\/\/api.w.org\/{rel}","templated":true}]}}