{"id":177832,"date":"2019-03-20T20:19:27","date_gmt":"2019-03-20T18:19:27","guid":{"rendered":"http:\/\/www.sana.sy\/tr\/?p=177832"},"modified":"2019-03-21T15:30:33","modified_gmt":"2019-03-21T13:30:33","slug":"suriye-ile-ilgili-gelecek-astana-toplantisi-nisan-ayinda","status":"publish","type":"post","link":"https:\/\/archive.sana.sy\/tr\/?p=177832","title":{"rendered":"Suriye ile \u0130lgili Gelecek Astana Toplant\u0131s\u0131 Nisan Ay\u0131nda"},"content":{"rendered":"<p style=\"text-align: justify;\">ASTANA- Kazakistan D\u0131\u015fi\u015fleri Bakan Yard\u0131mc\u0131s\u0131 Muhtar Tileuberdi, Suriye&#8217;deki krizin \u00e7\u00f6z\u00fclmesine y\u00f6nelik gelecek Astana toplant\u0131s\u0131n\u0131n \u00f6n\u00fcm\u00fczdeki nisan sonunda Kazakistan&#8217;\u0131n ba\u015fkentinde yap\u0131laca\u011f\u0131n\u0131 ilan etti.<\/p>\n<p style=\"text-align: justify;\">Tileuberdi, Astana toplant\u0131s\u0131n\u0131n tarihiyle ilgili olarak gazetecilere verdi\u011fi deme\u00e7te, Garant\u00f6r \u00fclkelerin bizlere 20 Nisan tarihini \u00f6nerdiklerini , ancak hen\u00fcz belirli tarih hakk\u0131nda kendilerine teyit gelmedi\u011fini s\u00f6yledi.<\/p>\n<p style=\"text-align: justify;\">Tileuberdi, Astana toplant\u0131s\u0131n\u0131n, Kazakistan ba\u015fkentinin \u201cNur Sultan\u201d olarak de\u011fi\u015ftirilmesine ra\u011fmen ad\u0131n\u0131 koruyaca\u011f\u0131na i\u015faret ederek; \u201cAstana s\u00fcreci ad\u0131n\u0131 alm\u0131\u015ft\u0131r bu y\u00fczden adland\u0131rmas\u0131 kesinlikle ayn\u0131 ad alt\u0131nda devam edecektir, tabii ki Kazakistan\u2019\u0131n ba\u015fkenti Nur Sultan \u015fehrinde\u201d dedi.<\/p>\n<p>\u00c7eviri: S. \u015eahut<\/p>\n","protected":false},"excerpt":{"rendered":"<p>ASTANA- Kazakistan D\u0131\u015fi\u015fleri Bakan Yard\u0131mc\u0131s\u0131 Muhtar Tileuberdi, Suriye&#8217;deki krizin \u00e7\u00f6z\u00fclmesine y\u00f6nelik gelecek Astana toplant\u0131s\u0131n\u0131n \u00f6n\u00fcm\u00fczdeki nisan sonunda Kazakistan&#8217;\u0131n ba\u015fkentinde yap\u0131laca\u011f\u0131n\u0131 ilan etti. Tileuberdi, Astana toplant\u0131s\u0131n\u0131n tarihiyle ilgili olarak gazetecilere verdi\u011fi deme\u00e7te, Garant\u00f6r \u00fclkelerin bizlere 20 Nisan tarihini \u00f6nerdiklerini , ancak hen\u00fcz belirli tarih hakk\u0131nda kendilerine teyit gelmedi\u011fini s\u00f6yledi. Tileuberdi, Astana toplant\u0131s\u0131n\u0131n, Kazakistan ba\u015fkentinin \u201cNur Sultan\u201d &hellip;<\/p>\n","protected":false},"author":1,"featured_media":177833,"comment_status":"closed","ping_status":"closed","sticky":false,"template":"","format":"standard","meta":{"footnotes":""},"categories":[458,459,17988],"tags":[],"class_list":["post-177832","post","type-post","status-publish","format-standard","has-post-thumbnail","","category-dunya1","category-haberler-arap-uluslararasi-politika","category-son-haberler"],"_links":{"self":[{"href":"https:\/\/archive.sana.sy\/tr\/index.php?rest_route=\/wp\/v2\/posts\/177832","targetHints":{"allow":["GET"]}}],"collection":[{"href":"https:\/\/archive.sana.sy\/tr\/index.php?rest_route=\/wp\/v2\/posts"}],"about":[{"href":"https:\/\/archive.sana.sy\/tr\/index.php?rest_route=\/wp\/v2\/types\/post"}],"author":[{"embeddable":true,"href":"https:\/\/archive.sana.sy\/tr\/index.php?rest_route=\/wp\/v2\/users\/1"}],"replies":[{"embeddable":true,"href":"https:\/\/archive.sana.sy\/tr\/index.php?rest_route=%2Fwp%2Fv2%2Fcomments&post=177832"}],"version-history":[{"count":0,"href":"https:\/\/archive.sana.sy\/tr\/index.php?rest_route=\/wp\/v2\/posts\/177832\/revisions"}],"wp:featuredmedia":[{"embeddable":true,"href":"https:\/\/archive.sana.sy\/tr\/index.php?rest_route=\/wp\/v2\/media\/177833"}],"wp:attachment":[{"href":"https:\/\/archive.sana.sy\/tr\/index.php?rest_route=%2Fwp%2Fv2%2Fmedia&parent=177832"}],"wp:term":[{"taxonomy":"category","embeddable":true,"href":"https:\/\/archive.sana.sy\/tr\/index.php?rest_route=%2Fwp%2Fv2%2Fcategories&post=177832"},{"taxonomy":"post_tag","embeddable":true,"href":"https:\/\/archive.sana.sy\/tr\/index.php?rest_route=%2Fwp%2Fv2%2Ftags&post=177832"}],"curies":[{"name":"wp","href":"https:\/\/api.w.org\/{rel}","templated":true}]}}