{"id":177880,"date":"2019-03-21T14:36:47","date_gmt":"2019-03-21T12:36:47","guid":{"rendered":"http:\/\/www.sana.sy\/tr\/?p=177880"},"modified":"2019-03-21T14:36:47","modified_gmt":"2019-03-21T12:36:47","slug":"sana-muhabiri-yetkili-kurumlarin-homs-kirsalinin-kuzeyinde-teror-gruplarindan-kalma-cephane-deposu-ele-gecirdiklerini-belirtti","status":"publish","type":"post","link":"https:\/\/archive.sana.sy\/tr\/?p=177880","title":{"rendered":"SANA muhabiri; yetkili kurumlar\u0131n Homs k\u0131rsal\u0131n\u0131n kuzeyinde ter\u00f6r gruplar\u0131ndan kalma cephane deposu ele ge\u00e7irdiklerini belirtti."},"content":{"rendered":"<p>SANA muhabiri; yetkili kurumlar\u0131n Homs k\u0131rsal\u0131n\u0131n kuzeyinde ter\u00f6r gruplar\u0131ndan kalma cephane deposu ele ge\u00e7irdiklerini belirtti.<\/p>\n","protected":false},"excerpt":{"rendered":"<p>SANA muhabiri; yetkili kurumlar\u0131n Homs k\u0131rsal\u0131n\u0131n kuzeyinde ter\u00f6r gruplar\u0131ndan kalma cephane deposu ele ge\u00e7irdiklerini belirtti.<\/p>\n","protected":false},"author":1,"featured_media":0,"comment_status":"closed","ping_status":"closed","sticky":false,"template":"","format":"standard","meta":{"footnotes":""},"categories":[17991],"tags":[],"class_list":["post-177880","post","type-post","status-publish","format-standard","","category-son-dakika"],"_links":{"self":[{"href":"https:\/\/archive.sana.sy\/tr\/index.php?rest_route=\/wp\/v2\/posts\/177880","targetHints":{"allow":["GET"]}}],"collection":[{"href":"https:\/\/archive.sana.sy\/tr\/index.php?rest_route=\/wp\/v2\/posts"}],"about":[{"href":"https:\/\/archive.sana.sy\/tr\/index.php?rest_route=\/wp\/v2\/types\/post"}],"author":[{"embeddable":true,"href":"https:\/\/archive.sana.sy\/tr\/index.php?rest_route=\/wp\/v2\/users\/1"}],"replies":[{"embeddable":true,"href":"https:\/\/archive.sana.sy\/tr\/index.php?rest_route=%2Fwp%2Fv2%2Fcomments&post=177880"}],"version-history":[{"count":0,"href":"https:\/\/archive.sana.sy\/tr\/index.php?rest_route=\/wp\/v2\/posts\/177880\/revisions"}],"wp:attachment":[{"href":"https:\/\/archive.sana.sy\/tr\/index.php?rest_route=%2Fwp%2Fv2%2Fmedia&parent=177880"}],"wp:term":[{"taxonomy":"category","embeddable":true,"href":"https:\/\/archive.sana.sy\/tr\/index.php?rest_route=%2Fwp%2Fv2%2Fcategories&post=177880"},{"taxonomy":"post_tag","embeddable":true,"href":"https:\/\/archive.sana.sy\/tr\/index.php?rest_route=%2Fwp%2Fv2%2Ftags&post=177880"}],"curies":[{"name":"wp","href":"https:\/\/api.w.org\/{rel}","templated":true}]}}