{"id":177903,"date":"2019-03-21T15:00:58","date_gmt":"2019-03-21T13:00:58","guid":{"rendered":"http:\/\/www.sana.sy\/tr\/?p=177903"},"modified":"2019-03-22T14:34:23","modified_gmt":"2019-03-22T12:34:23","slug":"katilim-basvurulari-internet-uzerinden-de-olabilecek","status":"publish","type":"post","link":"https:\/\/archive.sana.sy\/tr\/?p=177903","title":{"rendered":"Kat\u0131l\u0131m Ba\u015fvurular\u0131 \u0130nternet \u00dczerinden de Olabilecek"},"content":{"rendered":"<p>\u015eAM \u2013 Ortado\u011fu\u2019nun en b\u00fcy\u00fck k\u00fct\u00fcphanelerinden biri say\u0131lan Esad K\u00fct\u00fcphanesi 12 ila 22 Eyl\u00fcl tarihleri aras\u0131nda 31. D\u00f6nem faaliyetleri d\u00fczenlenecek 31. Uluslararas\u0131 Kitap Fuar\u0131na kat\u0131l\u0131m i\u00e7in ba\u015fvurular\u0131n ba\u015flad\u0131\u011f\u0131n\u0131 ilan etti.<\/p>\n<p>\u201cAkl\u0131n Mimar\u0131 Kitapt\u0131r\u201d slogan\u0131 alt\u0131nda d\u00fczenlenecek fuara kat\u0131lmak isteyenler Pazar g\u00fcn\u00fcnden itibaren bu y\u0131l fuar i\u00e7in tahsis edilen web sitesi \u00fczerinden ba\u015fvuru yapabilecekler.<\/p>\n<p>Fuar\u0131n bu d\u00f6nem \u015fahsiyeti b\u00fcy\u00fck \u015fair ve filozof Ebu Ala el Muarri olarak se\u00e7ildi.<\/p>\n<p>Fuarin ge\u00e7en y\u0131l d\u00fczenlenen faaliyetlerine Suriye&#8217;den 120 kitap evinin yan\u0131 s\u0131ra Arap ve yabanc\u0131 80\u2019den fazla kitap evi kat\u0131lm\u0131\u015ft\u0131.<\/p>\n","protected":false},"excerpt":{"rendered":"<p>\u015eAM \u2013 Ortado\u011fu\u2019nun en b\u00fcy\u00fck k\u00fct\u00fcphanelerinden biri say\u0131lan Esad K\u00fct\u00fcphanesi 12 ila 22 Eyl\u00fcl tarihleri aras\u0131nda 31. D\u00f6nem faaliyetleri d\u00fczenlenecek 31. Uluslararas\u0131 Kitap Fuar\u0131na kat\u0131l\u0131m i\u00e7in ba\u015fvurular\u0131n ba\u015flad\u0131\u011f\u0131n\u0131 ilan etti. \u201cAkl\u0131n Mimar\u0131 Kitapt\u0131r\u201d slogan\u0131 alt\u0131nda d\u00fczenlenecek fuara kat\u0131lmak isteyenler Pazar g\u00fcn\u00fcnden itibaren bu y\u0131l fuar i\u00e7in tahsis edilen web sitesi \u00fczerinden ba\u015fvuru yapabilecekler. Fuar\u0131n bu &hellip;<\/p>\n","protected":false},"author":1,"featured_media":177906,"comment_status":"closed","ping_status":"closed","sticky":false,"template":"","format":"standard","meta":{"footnotes":""},"categories":[516,479,511,17988,478],"tags":[],"class_list":["post-177903","post","type-post","status-publish","format-standard","has-post-thumbnail","","category-haberler-kultur-ve-sanat","category-haberler-yerel","category-kultur-ve-sanat","category-son-haberler","category-yerel"],"_links":{"self":[{"href":"https:\/\/archive.sana.sy\/tr\/index.php?rest_route=\/wp\/v2\/posts\/177903","targetHints":{"allow":["GET"]}}],"collection":[{"href":"https:\/\/archive.sana.sy\/tr\/index.php?rest_route=\/wp\/v2\/posts"}],"about":[{"href":"https:\/\/archive.sana.sy\/tr\/index.php?rest_route=\/wp\/v2\/types\/post"}],"author":[{"embeddable":true,"href":"https:\/\/archive.sana.sy\/tr\/index.php?rest_route=\/wp\/v2\/users\/1"}],"replies":[{"embeddable":true,"href":"https:\/\/archive.sana.sy\/tr\/index.php?rest_route=%2Fwp%2Fv2%2Fcomments&post=177903"}],"version-history":[{"count":0,"href":"https:\/\/archive.sana.sy\/tr\/index.php?rest_route=\/wp\/v2\/posts\/177903\/revisions"}],"wp:featuredmedia":[{"embeddable":true,"href":"https:\/\/archive.sana.sy\/tr\/index.php?rest_route=\/wp\/v2\/media\/177906"}],"wp:attachment":[{"href":"https:\/\/archive.sana.sy\/tr\/index.php?rest_route=%2Fwp%2Fv2%2Fmedia&parent=177903"}],"wp:term":[{"taxonomy":"category","embeddable":true,"href":"https:\/\/archive.sana.sy\/tr\/index.php?rest_route=%2Fwp%2Fv2%2Fcategories&post=177903"},{"taxonomy":"post_tag","embeddable":true,"href":"https:\/\/archive.sana.sy\/tr\/index.php?rest_route=%2Fwp%2Fv2%2Ftags&post=177903"}],"curies":[{"name":"wp","href":"https:\/\/api.w.org\/{rel}","templated":true}]}}