{"id":177929,"date":"2019-03-22T12:06:08","date_gmt":"2019-03-22T10:06:08","guid":{"rendered":"http:\/\/www.sana.sy\/tr\/?p=177929"},"modified":"2019-03-23T12:41:48","modified_gmt":"2019-03-23T10:41:48","slug":"suriye-trumpin-golan-ile-ilgili-aciklamalari-uluslararasi-mesruiyeti-kucumsemektir","status":"publish","type":"post","link":"https:\/\/archive.sana.sy\/tr\/?p=177929","title":{"rendered":"Suriye Trump&#8217;\u0131n Golan \u0130le \u0130lgili A\u00e7\u0131klamalar\u0131 Uluslararas\u0131 Me\u015fruiyeti K\u00fc\u00e7\u00fcmsemektir"},"content":{"rendered":"<p style=\"text-align: justify;\">\u015eAM- Suriye, Amerika Ba\u015fkan\u0131 Donald Trump&#8217;\u0131n Amerika&#8217;n\u0131n Siyonist i\u015fgale y\u00f6nelik kay\u0131rmas\u0131n\u0131 g\u00f6steren i\u015fgal edilen Suriye&#8217;nin Golan&#8217;\u0131yla ilgili sorumsuz a\u00e7\u0131klamalar\u0131n\u0131 en sert kelimelerle k\u0131nayarak s\u00f6z konusu a\u00e7\u0131klamalar\u0131n Golan&#8217;\u0131n Arap ve Suriyeli olarak kalmas\u0131 ger\u00e7e\u011fini kesinlikle de\u011fi\u015ftirmeyece\u011fini vurgulad\u0131.<\/p>\n<p style=\"text-align: justify;\">D\u0131\u015fi\u015fleri ve Gurbet\u00e7iler Bakanl\u0131\u011f\u0131 resmi kayna\u011f\u0131 bug\u00fcn SANA&#8217;ya a\u00e7\u0131klamas\u0131nda; &#8220;Suriye Arap Cumhuriyeti Amerika Ba\u015fkan\u0131 Donald Trump&#8217;\u0131n Amerika&#8217;n\u0131n Siyonist i\u015fgal varl\u0131\u011f\u0131na y\u00f6nelik kay\u0131rmas\u0131n\u0131, ona s\u0131n\u0131rs\u0131z deste\u011fi ve d\u00fc\u015fmanc\u0131l davran\u0131\u015flar\u0131n\u0131 bir kez daha g\u00f6steren, i\u015fgal edilen Suriye&#8217;nin Golan&#8217;\u0131yla ilgili sorumsuz a\u00e7\u0131klamalar\u0131n\u0131 en sert kelimelerle k\u0131n\u0131yor&#8221; dedi.<\/p>\n<p style=\"text-align: justify;\">Kaynak; &#8220;Amerika&#8217;n\u0131n i\u015fgal edilen Golan&#8217;a y\u00f6nelik s\u00f6z konusu tutumu, Amerika Birle\u015fik devletlerinin, kendisi dahil, G\u00fcvenlik Konsey \u00fcyeleri taraf\u0131ndan oy birli\u011fiyle oylanan, i\u015fgalci \u0130srail h\u00fckumetinin Golan ile ilgili karar\u0131n\u0131 mutlak \u015fekilde reddeden, bat\u0131l, bo\u015f ve yasal dayana\u011f\u0131 olmad\u0131\u011f\u0131n\u0131 g\u00f6steren, 1981 tarihli 497 say\u0131l\u0131 G\u00fcvenlik Konseyi karar\u0131 ba\u015fta olmak \u00fczere uluslararas\u0131 me\u015fruiyeti k\u00fc\u00e7\u00fcmsedi\u011finin tabiridir&#8221; dedi.<\/p>\n<p style=\"text-align: justify;\">Kaynak; &#8220;Uluslararas\u0131 toplum i\u00e7in, Amerika Birle\u015fik Devletleri&#8217;nin, hegemonya ve kibir zihniyetiyle korkak\u00e7a y\u00f6netilen politikalar\u0131n\u0131n, uluslararas\u0131 sahnedeki gerginlik, uluslararas\u0131 bar\u0131\u015f ve istikrar\u0131na a\u00e7\u0131k tehdit olu\u015fturmas\u0131nda ana fakt\u00f6r haline geldi\u011finin a\u00e7\u0131k\u00e7a ortaya \u00e7\u0131kt\u0131\u011f\u0131n\u0131, bundan dolay\u0131, Amerikan kibirlerine son vermek, uluslararas\u0131 me\u015fruiyete sayg\u0131 duymak, d\u00fcnya bar\u0131\u015f, g\u00fcvenlik ve istikrar\u0131n\u0131 korumak i\u00e7in d\u00fcnya \u00fclkelerinin ciddi bir duru\u015f sergilemesi gerekiyor&#8221; diye vurgulad\u0131.<\/p>\n<p style=\"text-align: justify;\">Kaynak; &#8220;Amerika Ba\u015fkan\u0131 Donald Trump ile idaresi erkan\u0131n\u0131n i\u015fgal edilen Golan ile ilgili a\u00e7\u0131klamalar\u0131 Golan&#8217;\u0131n Arap ve Suriyeli olarak kalmas\u0131 ger\u00e7e\u011fini kesinlikle de\u011fi\u015ftirmeyece\u011fini, Suriye halk\u0131n\u0131n imkan dahilindeki b\u00fct\u00fcn vesilelerle Suriye vatan\u0131 topra\u011f\u0131n\u0131n en de\u011ferli co\u011frafyas\u0131n\u0131 kurtarmadaki ve zaman ne kadar uzarsa uzas\u0131n ve kim ne derse desin anavatana d\u00f6n\u00fc\u015f\u00fcne y\u00f6nelik azim ve \u0131srar\u0131 her zamankinden daha b\u00fcy\u00fckt\u00fcr&#8221; diyerek beyan\u0131n\u0131 bitirdi.<\/p>\n<p>\u00c7eviri: S.\u015eahut<\/p>\n","protected":false},"excerpt":{"rendered":"<p>\u015eAM- Suriye, Amerika Ba\u015fkan\u0131 Donald Trump&#8217;\u0131n Amerika&#8217;n\u0131n Siyonist i\u015fgale y\u00f6nelik kay\u0131rmas\u0131n\u0131 g\u00f6steren i\u015fgal edilen Suriye&#8217;nin Golan&#8217;\u0131yla ilgili sorumsuz a\u00e7\u0131klamalar\u0131n\u0131 en sert kelimelerle k\u0131nayarak s\u00f6z konusu a\u00e7\u0131klamalar\u0131n Golan&#8217;\u0131n Arap ve Suriyeli olarak kalmas\u0131 ger\u00e7e\u011fini kesinlikle de\u011fi\u015ftirmeyece\u011fini vurgulad\u0131. D\u0131\u015fi\u015fleri ve Gurbet\u00e7iler Bakanl\u0131\u011f\u0131 resmi kayna\u011f\u0131 bug\u00fcn SANA&#8217;ya a\u00e7\u0131klamas\u0131nda; &#8220;Suriye Arap Cumhuriyeti Amerika Ba\u015fkan\u0131 Donald Trump&#8217;\u0131n Amerika&#8217;n\u0131n Siyonist i\u015fgal &hellip;<\/p>\n","protected":false},"author":1,"featured_media":177930,"comment_status":"closed","ping_status":"closed","sticky":false,"template":"","format":"standard","meta":{"footnotes":""},"categories":[479,17988,478],"tags":[],"class_list":["post-177929","post","type-post","status-publish","format-standard","has-post-thumbnail","","category-haberler-yerel","category-son-haberler","category-yerel"],"_links":{"self":[{"href":"https:\/\/archive.sana.sy\/tr\/index.php?rest_route=\/wp\/v2\/posts\/177929","targetHints":{"allow":["GET"]}}],"collection":[{"href":"https:\/\/archive.sana.sy\/tr\/index.php?rest_route=\/wp\/v2\/posts"}],"about":[{"href":"https:\/\/archive.sana.sy\/tr\/index.php?rest_route=\/wp\/v2\/types\/post"}],"author":[{"embeddable":true,"href":"https:\/\/archive.sana.sy\/tr\/index.php?rest_route=\/wp\/v2\/users\/1"}],"replies":[{"embeddable":true,"href":"https:\/\/archive.sana.sy\/tr\/index.php?rest_route=%2Fwp%2Fv2%2Fcomments&post=177929"}],"version-history":[{"count":0,"href":"https:\/\/archive.sana.sy\/tr\/index.php?rest_route=\/wp\/v2\/posts\/177929\/revisions"}],"wp:featuredmedia":[{"embeddable":true,"href":"https:\/\/archive.sana.sy\/tr\/index.php?rest_route=\/wp\/v2\/media\/177930"}],"wp:attachment":[{"href":"https:\/\/archive.sana.sy\/tr\/index.php?rest_route=%2Fwp%2Fv2%2Fmedia&parent=177929"}],"wp:term":[{"taxonomy":"category","embeddable":true,"href":"https:\/\/archive.sana.sy\/tr\/index.php?rest_route=%2Fwp%2Fv2%2Fcategories&post=177929"},{"taxonomy":"post_tag","embeddable":true,"href":"https:\/\/archive.sana.sy\/tr\/index.php?rest_route=%2Fwp%2Fv2%2Ftags&post=177929"}],"curies":[{"name":"wp","href":"https:\/\/api.w.org\/{rel}","templated":true}]}}