{"id":177932,"date":"2019-03-22T14:28:32","date_gmt":"2019-03-22T12:28:32","guid":{"rendered":"http:\/\/www.sana.sy\/tr\/?p=177932"},"modified":"2019-03-23T13:45:17","modified_gmt":"2019-03-23T11:45:17","slug":"suriyenin-siyasilestirilmis-kararlarla-hedef-alinmasi-sahiplerinin-politik-ikiyuzluluklerini-yansitiyor","status":"publish","type":"post","link":"https:\/\/archive.sana.sy\/tr\/?p=177932","title":{"rendered":"Suriye&#8217;nin Siyasile\u015ftirilmi\u015f Kararlarla Hedef Al\u0131nmas\u0131 Sahiplerinin Politik \u0130kiy\u00fczl\u00fcl\u00fcklerini Yans\u0131t\u0131yor"},"content":{"rendered":"<p>CENEVRE \u2013 Suriye&#8217;nin Cenevre Ofisindeki Daimi Temsilcisi B\u00fcy\u00fckel\u00e7i H\u00fcsameddin Ala, \u0130nsan Haklar\u0131 Konseyi 40. D\u00f6nem toplant\u0131lar\u0131nda yapt\u0131\u011f\u0131 konu\u015fmada, Suriye&#8217;nin \u0130nsan Haklar\u0131 Konseyi&#8217;nin her oturumunda siyasalla\u015ft\u0131r\u0131lm\u0131\u015f ve \u00f6nyarg\u0131l\u0131 kararlarla hedef al\u0131nmas\u0131n\u0131n, sahiplerinin politik ikiy\u00fczl\u00fcl\u00fc\u011f\u00fcn\u00fc yans\u0131tan, Konsey&#8217;in tarafs\u0131zl\u0131k, objektif ve se\u00e7icili\u011fi olmayan ilkeler gere\u011fince insan haklar\u0131n\u0131 korumadaki varsay\u0131lan rol\u00fcyle de \u00e7eli\u015fen kabul edilemez bir yakla\u015f\u0131m oldu\u011funu s\u00f6yledi.<\/p>\n<p>Ala: Karar tasar\u0131s\u0131 evrensel yarg\u0131 ilkesi ve Suriye kanunlar\u0131 gere\u011fince soru\u015fturma ve hesap verilebilirlik konusundaki yarg\u0131 yetkisinin g\u00f6z ard\u0131 edilmesi gibi \u00f6nceki dengesiz kararlar\u0131n yolundan sapmad\u0131\u011f\u0131 ve evrensel yarg\u0131 ilkesi gibi uyumsuz kavramlar\u0131 te\u015fvik eder&#8221; dedi.<\/p>\n<p>B\u00fcy\u00fckel\u00e7i Ala: Suriye&#8217;nin taslak karar\u0131n\u0131n Suriye&#8217;nin ulusal yasalar\u0131n\u0131n, Suriye Devlet kurumlar\u0131na kar\u015f\u0131 k\u0131\u015fk\u0131rtma dilinin dayat\u0131lmas\u0131 yan\u0131 s\u0131ra me\u015fru h\u00fckumeti silahl\u0131 ter\u00f6rist gruplarla e\u015fitleyen terimlerin kullan\u0131lmas\u0131n\u0131 kesinlikle reddetti\u011fini belirterek, Suriye&#8217;nin, ter\u00f6rle tehcir edilenlerin onurlar\u0131n\u0131 koruyacak g\u00f6n\u00fcll\u00fc olarak geri d\u00f6n\u00fc\u015flerini g\u00fcvence alt\u0131na alma, ac\u0131lar\u0131n\u0131 siyasi ama\u00e7l\u0131 olarak istismar etme yoluyla te\u015fvik etme giri\u015fimleri de \u015fiddetle k\u0131nad\u0131\u011f\u0131n\u0131 vurgulad\u0131.<\/p>\n<p>Ala: Karar tasar\u0131s\u0131n\u0131n baz\u0131 \u00fclkelerin Suriye&#8217;ye y\u00f6nelik sald\u0131r\u0131s\u0131 ve baz\u0131 b\u00f6l\u00fcmlerini i\u015fgal etmesini k\u0131namay\u0131 g\u00f6zard\u0131 etmesinin Suriye rap Cumhuriyetinin t\u00fcm topraklar\u0131na olan egemenli\u011fi ve toprak b\u00fct\u00fcnl\u00fc\u011f\u00fcne sayg\u0131 iddialar\u0131yla ba\u011fda\u015fmad\u0131\u011f\u0131n\u0131 belirterek, BM \u00e7er\u00e7evesi ve uluslararas\u0131 kanuna ayk\u0131r\u0131 bir \u015fekilde \u00e7al\u0131\u015fanlar\u0131n s\u00f6z konusu koalisyonun i\u015fledi\u011fi su\u00e7lar\u0131n orta\u011f\u0131 say\u0131laca\u011f\u0131n\u0131 vurgulad\u0131.<\/p>\n<p>Ala, Suriye&#8217;deki siyasi s\u00fcreci desteklemeye \u00f6zen g\u00f6sterildi\u011fine ve insani ac\u0131lar\u0131n sona erece\u011fine dair iddialar\u0131n karar tasar\u0131s\u0131 i\u00e7eri\u011fiyle ba\u011fda\u015fmad\u0131\u011f\u0131n\u0131 s\u00f6yledi.<\/p>\n<p>\u00c7eviri: S. \u015eahut<\/p>\n","protected":false},"excerpt":{"rendered":"<p>CENEVRE \u2013 Suriye&#8217;nin Cenevre Ofisindeki Daimi Temsilcisi B\u00fcy\u00fckel\u00e7i H\u00fcsameddin Ala, \u0130nsan Haklar\u0131 Konseyi 40. D\u00f6nem toplant\u0131lar\u0131nda yapt\u0131\u011f\u0131 konu\u015fmada, Suriye&#8217;nin \u0130nsan Haklar\u0131 Konseyi&#8217;nin her oturumunda siyasalla\u015ft\u0131r\u0131lm\u0131\u015f ve \u00f6nyarg\u0131l\u0131 kararlarla hedef al\u0131nmas\u0131n\u0131n, sahiplerinin politik ikiy\u00fczl\u00fcl\u00fc\u011f\u00fcn\u00fc yans\u0131tan, Konsey&#8217;in tarafs\u0131zl\u0131k, objektif ve se\u00e7icili\u011fi olmayan ilkeler gere\u011fince insan haklar\u0131n\u0131 korumadaki varsay\u0131lan rol\u00fcyle de \u00e7eli\u015fen kabul edilemez bir yakla\u015f\u0131m oldu\u011funu s\u00f6yledi. &hellip;<\/p>\n","protected":false},"author":1,"featured_media":177934,"comment_status":"closed","ping_status":"closed","sticky":false,"template":"","format":"standard","meta":{"footnotes":""},"categories":[458,459,17988],"tags":[],"class_list":["post-177932","post","type-post","status-publish","format-standard","has-post-thumbnail","","category-dunya1","category-haberler-arap-uluslararasi-politika","category-son-haberler"],"_links":{"self":[{"href":"https:\/\/archive.sana.sy\/tr\/index.php?rest_route=\/wp\/v2\/posts\/177932","targetHints":{"allow":["GET"]}}],"collection":[{"href":"https:\/\/archive.sana.sy\/tr\/index.php?rest_route=\/wp\/v2\/posts"}],"about":[{"href":"https:\/\/archive.sana.sy\/tr\/index.php?rest_route=\/wp\/v2\/types\/post"}],"author":[{"embeddable":true,"href":"https:\/\/archive.sana.sy\/tr\/index.php?rest_route=\/wp\/v2\/users\/1"}],"replies":[{"embeddable":true,"href":"https:\/\/archive.sana.sy\/tr\/index.php?rest_route=%2Fwp%2Fv2%2Fcomments&post=177932"}],"version-history":[{"count":0,"href":"https:\/\/archive.sana.sy\/tr\/index.php?rest_route=\/wp\/v2\/posts\/177932\/revisions"}],"wp:featuredmedia":[{"embeddable":true,"href":"https:\/\/archive.sana.sy\/tr\/index.php?rest_route=\/wp\/v2\/media\/177934"}],"wp:attachment":[{"href":"https:\/\/archive.sana.sy\/tr\/index.php?rest_route=%2Fwp%2Fv2%2Fmedia&parent=177932"}],"wp:term":[{"taxonomy":"category","embeddable":true,"href":"https:\/\/archive.sana.sy\/tr\/index.php?rest_route=%2Fwp%2Fv2%2Fcategories&post=177932"},{"taxonomy":"post_tag","embeddable":true,"href":"https:\/\/archive.sana.sy\/tr\/index.php?rest_route=%2Fwp%2Fv2%2Ftags&post=177932"}],"curies":[{"name":"wp","href":"https:\/\/api.w.org\/{rel}","templated":true}]}}