{"id":177937,"date":"2019-03-22T13:00:47","date_gmt":"2019-03-22T11:00:47","guid":{"rendered":"http:\/\/www.sana.sy\/tr\/?p=177937"},"modified":"2019-03-23T13:45:09","modified_gmt":"2019-03-23T11:45:09","slug":"kremlin-trumpin-isgal-edilen-golanla-ilgili-aciklamalari-bolge-istikrarini-tehdit-ediyor","status":"publish","type":"post","link":"https:\/\/archive.sana.sy\/tr\/?p=177937","title":{"rendered":"Kremlin:\u00a0 Trump&#8217;\u0131n \u0130\u015fgal Edilen Golan&#8217;la \u0130lgili A\u00e7\u0131klamalar\u0131 B\u00f6lge \u0130stikrar\u0131n\u0131 Tehdit Ediyor"},"content":{"rendered":"<p>MOSKOVA \u2013 Rusya Ba\u015fkanl\u0131\u011f\u0131, Amerika Ba\u015fkan\u0131 Donald Trump&#8217;\u0131n i\u015fgal edilen Golan ile ilgili a\u00e7\u0131klamalar\u0131n\u0131n &#8220;Orta Do\u011fu B\u00f6lgesinin istikrar\u0131na tehdit olu\u015fturdu\u011funu&#8221; belirtti.<\/p>\n<p>Tass Haber Ajans\u0131 bug\u00fcn Kremlin Resmi S\u00f6zc\u00fcs\u00fc Dimitri Biskov&#8217;dan naklen;&#8221; Bu gibi a\u00e7\u0131lamalar Orta Do\u011fu b\u00f6lgesinde gergin olan durumun ciddi bir \u015fekilde zedelenmesinin devam\u0131na yol a\u00e7abilece\u011fini ayr\u0131ca, Orta Do\u011fu b\u00f6lgesinde\u00a0 durumlar\u0131n d\u00fczeltilmesiyle bu veya \u015fu \u015fekilde ba\u011fda\u015fmad\u0131\u011f\u0131n\u0131&#8221; s\u00f6yledi.<\/p>\n<p>\u00c7eviri: S.\u015eahut<\/p>\n","protected":false},"excerpt":{"rendered":"<p>MOSKOVA \u2013 Rusya Ba\u015fkanl\u0131\u011f\u0131, Amerika Ba\u015fkan\u0131 Donald Trump&#8217;\u0131n i\u015fgal edilen Golan ile ilgili a\u00e7\u0131klamalar\u0131n\u0131n &#8220;Orta Do\u011fu B\u00f6lgesinin istikrar\u0131na tehdit olu\u015fturdu\u011funu&#8221; belirtti. Tass Haber Ajans\u0131 bug\u00fcn Kremlin Resmi S\u00f6zc\u00fcs\u00fc Dimitri Biskov&#8217;dan naklen;&#8221; Bu gibi a\u00e7\u0131lamalar Orta Do\u011fu b\u00f6lgesinde gergin olan durumun ciddi bir \u015fekilde zedelenmesinin devam\u0131na yol a\u00e7abilece\u011fini ayr\u0131ca, Orta Do\u011fu b\u00f6lgesinde\u00a0 durumlar\u0131n d\u00fczeltilmesiyle bu veya &hellip;<\/p>\n","protected":false},"author":1,"featured_media":177938,"comment_status":"closed","ping_status":"closed","sticky":false,"template":"","format":"standard","meta":{"footnotes":""},"categories":[458,459,17988],"tags":[],"class_list":["post-177937","post","type-post","status-publish","format-standard","has-post-thumbnail","","category-dunya1","category-haberler-arap-uluslararasi-politika","category-son-haberler"],"_links":{"self":[{"href":"https:\/\/archive.sana.sy\/tr\/index.php?rest_route=\/wp\/v2\/posts\/177937","targetHints":{"allow":["GET"]}}],"collection":[{"href":"https:\/\/archive.sana.sy\/tr\/index.php?rest_route=\/wp\/v2\/posts"}],"about":[{"href":"https:\/\/archive.sana.sy\/tr\/index.php?rest_route=\/wp\/v2\/types\/post"}],"author":[{"embeddable":true,"href":"https:\/\/archive.sana.sy\/tr\/index.php?rest_route=\/wp\/v2\/users\/1"}],"replies":[{"embeddable":true,"href":"https:\/\/archive.sana.sy\/tr\/index.php?rest_route=%2Fwp%2Fv2%2Fcomments&post=177937"}],"version-history":[{"count":0,"href":"https:\/\/archive.sana.sy\/tr\/index.php?rest_route=\/wp\/v2\/posts\/177937\/revisions"}],"wp:featuredmedia":[{"embeddable":true,"href":"https:\/\/archive.sana.sy\/tr\/index.php?rest_route=\/wp\/v2\/media\/177938"}],"wp:attachment":[{"href":"https:\/\/archive.sana.sy\/tr\/index.php?rest_route=%2Fwp%2Fv2%2Fmedia&parent=177937"}],"wp:term":[{"taxonomy":"category","embeddable":true,"href":"https:\/\/archive.sana.sy\/tr\/index.php?rest_route=%2Fwp%2Fv2%2Fcategories&post=177937"},{"taxonomy":"post_tag","embeddable":true,"href":"https:\/\/archive.sana.sy\/tr\/index.php?rest_route=%2Fwp%2Fv2%2Ftags&post=177937"}],"curies":[{"name":"wp","href":"https:\/\/api.w.org\/{rel}","templated":true}]}}