{"id":177943,"date":"2019-03-22T14:37:28","date_gmt":"2019-03-22T12:37:28","guid":{"rendered":"http:\/\/www.sana.sy\/tr\/?p=177943"},"modified":"2019-03-22T14:37:28","modified_gmt":"2019-03-22T12:37:28","slug":"onlarca-arastirmaci-tarihci-ve-yazarin-eserlerinde-onemli-bir-yer-verdikleri-adiliye-medresesi-baskent-samin-en-onemli-ve-asil-tarihi-ve-kulturel-miraslarindan-biri-sayiliyor","status":"publish","type":"post","link":"https:\/\/archive.sana.sy\/tr\/?p=177943","title":{"rendered":"Onlarca ara\u015ft\u0131rmac\u0131, tarih\u00e7i ve yazar\u0131n eserlerinde \u00f6nemli bir yer verdikleri Adiliye Medresesi ba\u015fkent \u015eam\u2019\u0131n en \u00f6nemli ve asil tarihi ve k\u00fclt\u00fcrel miraslar\u0131ndan biri say\u0131l\u0131yor"},"content":{"rendered":"<p>Onlarca ara\u015ft\u0131rmac\u0131, tarih\u00e7i ve yazar\u0131n eserlerinde \u00f6nemli bir yer verdikleri Adiliye Medresesi ba\u015fkent \u015eam\u2019\u0131n en \u00f6nemli ve asil tarihi ve k\u00fclt\u00fcrel miraslar\u0131ndan biri say\u0131l\u0131yor.<\/p>\n<p><iframe loading=\"lazy\" title=\"\u0627\u0644\u0645\u062f\u0631\u0633\u0629 \u0627\u0644\u0639\u0627\u062f\u0644\u064a\u0629.. \u0633\u062c\u0644 \u063a\u0646\u064a \u0644\u062a\u0627\u0631\u064a\u062e \u062f\u0645\u0634\u0642 \u0639\u0628\u0631 \u0627\u0644\u0639\u0635\u0648\u0631\" width=\"618\" height=\"348\" src=\"https:\/\/www.youtube.com\/embed\/Ov0HGfbI6xw?feature=oembed\" frameborder=\"0\" allow=\"accelerometer; autoplay; clipboard-write; encrypted-media; gyroscope; picture-in-picture; web-share\" referrerpolicy=\"strict-origin-when-cross-origin\" allowfullscreen><\/iframe><\/p>\n","protected":false},"excerpt":{"rendered":"<p>Onlarca ara\u015ft\u0131rmac\u0131, tarih\u00e7i ve yazar\u0131n eserlerinde \u00f6nemli bir yer verdikleri Adiliye Medresesi ba\u015fkent \u015eam\u2019\u0131n en \u00f6nemli ve asil tarihi ve k\u00fclt\u00fcrel miraslar\u0131ndan biri say\u0131l\u0131yor.<\/p>\n","protected":false},"author":1,"featured_media":177945,"comment_status":"closed","ping_status":"closed","sticky":false,"template":"","format":"standard","meta":{"footnotes":""},"categories":[18295],"tags":[],"class_list":["post-177943","post","type-post","status-publish","format-standard","has-post-thumbnail","","category-sana-video"],"_links":{"self":[{"href":"https:\/\/archive.sana.sy\/tr\/index.php?rest_route=\/wp\/v2\/posts\/177943","targetHints":{"allow":["GET"]}}],"collection":[{"href":"https:\/\/archive.sana.sy\/tr\/index.php?rest_route=\/wp\/v2\/posts"}],"about":[{"href":"https:\/\/archive.sana.sy\/tr\/index.php?rest_route=\/wp\/v2\/types\/post"}],"author":[{"embeddable":true,"href":"https:\/\/archive.sana.sy\/tr\/index.php?rest_route=\/wp\/v2\/users\/1"}],"replies":[{"embeddable":true,"href":"https:\/\/archive.sana.sy\/tr\/index.php?rest_route=%2Fwp%2Fv2%2Fcomments&post=177943"}],"version-history":[{"count":0,"href":"https:\/\/archive.sana.sy\/tr\/index.php?rest_route=\/wp\/v2\/posts\/177943\/revisions"}],"wp:featuredmedia":[{"embeddable":true,"href":"https:\/\/archive.sana.sy\/tr\/index.php?rest_route=\/wp\/v2\/media\/177945"}],"wp:attachment":[{"href":"https:\/\/archive.sana.sy\/tr\/index.php?rest_route=%2Fwp%2Fv2%2Fmedia&parent=177943"}],"wp:term":[{"taxonomy":"category","embeddable":true,"href":"https:\/\/archive.sana.sy\/tr\/index.php?rest_route=%2Fwp%2Fv2%2Fcategories&post=177943"},{"taxonomy":"post_tag","embeddable":true,"href":"https:\/\/archive.sana.sy\/tr\/index.php?rest_route=%2Fwp%2Fv2%2Ftags&post=177943"}],"curies":[{"name":"wp","href":"https:\/\/api.w.org\/{rel}","templated":true}]}}