{"id":177967,"date":"2019-03-22T15:29:32","date_gmt":"2019-03-22T13:29:32","guid":{"rendered":"http:\/\/www.sana.sy\/tr\/?p=177967"},"modified":"2019-03-23T14:00:43","modified_gmt":"2019-03-23T12:00:43","slug":"moskova-ve-tahran-trumpin-suriyenin-golani-ile-ilgili-aciklamalari-kabul-edilemez","status":"publish","type":"post","link":"https:\/\/archive.sana.sy\/tr\/?p=177967","title":{"rendered":"Uluslararas\u0131 Tepkiler Ya\u011f\u0131yor"},"content":{"rendered":"<p>BA\u015eKENTLER \u2013 Rusya D\u0131\u015fi\u015fleri Bakanl\u0131\u011f\u0131 s\u00f6zc\u00fcs\u00fc Mariya Zaharova, Rusya&#8217;n\u0131n Golan&#8217;\u0131n Suriye topraklar\u0131n\u0131 i\u015fgal etti\u011fi y\u00f6n\u00fcndeki tutumunun de\u011fi\u015fmez oldu\u011funu belirterek, ABD Ba\u015fkan\u0131 Donald Trump&#8217;\u0131n i\u015fgal alt\u0131ndaki Suriyeli Golan hakk\u0131ndaki a\u00e7\u0131klamalar\u0131n\u0131n Birle\u015fmi\u015f Milletler kararlar\u0131na ihlal te\u015fkil etti\u011fini vurgulad\u0131.<br \/>\nNovosti Zaharova&#8217;n\u0131n Trump a\u00e7\u0131klamalar\u0131yla ilgili olarak Kommersant FM radyosuna verdi\u011fi deme\u00e7ten naklen, G\u00fcvenlik Konseyi d\u0131\u015f\u0131nda Suriyeli Golan&#8217;\u0131n s\u0131fat\u0131n\u0131 de\u011fi\u015ftirmek i\u00e7in herhangi giri\u015fimin BM kararlar\u0131na do\u011frudan ihlal say\u0131ld\u0131\u011f\u0131n\u0131 s\u00f6yledi.<\/p>\n<p>Zaharova, Rusya&#8217;n\u0131n i\u015fgal edilen Suriye topra\u011f\u0131 oldu\u011funu belirten Suriyeli Golan&#8217;a y\u00f6nelik ilkeli ve sabit tutumunu yineleyerek, bu ger\u00e7e\u011fi de\u011fi\u015ftirmek i\u00e7in herhangi giri\u015fimin yasal ve me\u015fru olmayaca\u011f\u0131na i\u015faret etti.<\/p>\n<p><span style=\"color: #0000ff;\">Tahran: Trump&#8217;\u0131n A\u00e7\u0131klamalar\u0131 Me\u015fru Olmamakla Birlikte Kabul Edilemez<\/span><\/p>\n<p>Kendi y\u00f6n\u00fcnden \u0130ran D\u0131\u015fi\u015fleri Bakanl\u0131\u011f\u0131 da bug\u00fcn, Trump&#8217;\u0131n i\u015fgal edilen Suriyeli Golan ile ilgili a\u00e7\u0131klamalar\u0131n\u0131 k\u0131nayarak me\u015fru olmad\u0131\u011f\u0131n\u0131 ve kabul edilemez oldu\u011funu belirtti.<\/p>\n<p>D\u0131\u015fi\u015fleri Bakanl\u0131\u011f\u0131 s\u00f6zc\u00fcs\u00fc Behram Kasimi, Suriyeli Golan&#8217;\u0131n BM ve G\u00fcvenlik Konsey kararlar\u0131 gere\u011fince i\u015fgal edilmi\u015f bir toprak oldu\u011funu, \u00e7\u00f6z\u00fcm\u00fcn ise \u0130srail&#8217;in \u00fczerindeki i\u015fgali bitirmekle olaca\u011f\u0131n\u0131 s\u00f6yledi.<\/p>\n<p>Kasimi, i\u015fgal ve sald\u0131r\u0131 yoluyla toprak istilas\u0131n\u0131n k\u0131nanm\u0131\u015f bir durum oldu\u011funu, Amerikan Ba\u015fkan\u0131n\u0131n i\u015fgal edilen Golan ile ilgili a\u00e7\u0131klamalar\u0131n\u0131n ise Suriye&#8217;ye olan ba\u011fl\u0131l\u0131k ger\u00e7e\u011fini de\u011fi\u015ftiremeyece\u011fini, pazarl\u0131k politikalar\u0131n\u0131n hezimete u\u011frad\u0131\u011f\u0131n\u0131n a\u00e7\u0131k bir kan\u0131t\u0131, Amerika ile siyonist varl\u0131\u011f\u0131n d\u00fc\u015fmanc\u0131l ve yay\u0131lmac\u0131 tabiatlar\u0131na kar\u015f\u0131 direni\u015f yolunun do\u011frulu\u011funu hi\u00e7 bir \u015fekilde de\u011fi\u015ftirmeyece\u011fine dikkat \u00e7ekti.<\/p>\n<p>\u0130srail varl\u0131\u011f\u0131n\u0131n i\u015fgal edilen Arap topraklar\u0131n\u0131n hi\u00e7 birinde egemenli\u011finin olmad\u0131\u011f\u0131n\u0131 belirten Kasimi, bu varl\u0131\u011f\u0131n sald\u0131r\u0131 ve i\u015fgallerinin derhal bitirilmesi gere\u011fini vurgulad\u0131.<\/p>\n<p>Amerika Ba\u015fkan\u0131 Trump&#8217;\u0131n \u015fahsi a\u00e7\u0131klamalar\u0131n\u0131n Amerika&#8217;n\u0131n ger\u00e7ek politikalar\u0131n\u0131n di\u011fer y\u00fcz\u00fcn\u00fc ortaya \u00e7\u0131kard\u0131\u011f\u0131n\u0131 belirten Kasimi, bu politikalar\u0131n b\u00fct\u00fcn d\u00fcnyaya tehlike olu\u015fturdu\u011funa dikkat \u00e7ekti.<\/p>\n<p><span style=\"color: #0000ff;\">\u00dcrd\u00fcn D\u0131\u015fi\u015fleri: Golan \u0130\u015fgal Edilmi\u015f Suriye Topra\u011f\u0131d\u0131r<\/span><\/p>\n<p>\u00d6te yandan \u00dcrd\u00fcn D\u0131\u015fi\u015fleri Bakan\u0131 Eymen Safadi, \u00fclkesinin &#8220;topraklar\u0131n kuvvetle istila edilmeyece\u011fine&#8221; y\u00f6nelik a\u00e7\u0131k ve net bir \u015fekilde ifade eden b\u00fct\u00fcn uluslararas\u0131 me\u015fruiyet kararlar\u0131 gere\u011fince Golan&#8217;\u0131n i\u015fgal edilen bir Suriye topra\u011f\u0131 oldu\u011funu belirten a\u00e7\u0131k ve net tutumunu belirtti.<\/p>\n<p>Safadi \u00dcrd\u00fcnl\u00fc BETRA haber ajans\u0131n\u0131n verdi\u011fi a\u00e7\u0131klamas\u0131nda; kapsaml\u0131 ve daimi bar\u0131\u015f\u0131n, \u0130srail&#8217;in i\u015fgal etti\u011fi t\u00fcm Arap topraklar\u0131ndan \u00e7ekilmesini gerektirdi\u011fini s\u00f6yleyerek, Suriyeli Golan\u2019\u0131n Suriye\u2019nin b\u00f6l\u00fcnmez bir par\u00e7as\u0131 oldu\u011funu vurgulad\u0131.<\/p>\n<p>\u0130srail i\u015fgal varl\u0131\u011f\u0131n\u0131n i\u015fgal edilen Golan&#8217;\u0131 katma karar\u0131n\u0131 reddeden 1981 y\u0131l\u0131 497 say\u0131l\u0131 uluslararas\u0131 G\u00fcvenlik Konseyi karar\u0131na dikkat \u00e7eken Safadi; \u0130srail&#8217;in i\u015fgal edilen Golan topraklar\u0131 \u00fczerinde kanun ve otoritesi dayatamayaca\u011f\u0131n\u0131, \u0130srail&#8217;in bu karar\u0131n\u0131 bat\u0131l ve ge\u00e7ersiz say\u0131ld\u0131\u011f\u0131n\u0131 vurgulayarak uluslararas\u0131 toplumun uluslararas\u0131 me\u015fruiyet kararlar\u0131na ba\u011fl\u0131 kalmas\u0131 zorunlulu\u011funa dikkat \u00e7ekti.<\/p>\n<p><span style=\"color: #0000ff;\">Berlin: Trump&#8217;\u0131n Golan&#8217;\u0131 Katma Karar\u0131 BM Kararlar\u0131 Gere\u011fince Bat\u0131ld\u0131r<\/span><\/p>\n<p>\u00d6te yandan Almanya H\u00fckumeti s\u00f6zc\u00fcs\u00fc, ABD ba\u015fkan\u0131 Donald Trump&#8217;\u0131n Golan&#8217;\u0131 katma konusundaki karar\u0131n\u0131n Birle\u015fmi\u015f Milletler kararlar\u0131 gere\u011fince bat\u0131l oldu\u011funu belirtti.<\/p>\n<p><span style=\"color: #0000ff;\">Kahire: Golan \u0130srail Taraf\u0131ndan \u0130\u015fgal Edilmi\u015f Suriye Topra\u011f\u0131d\u0131r<\/span><\/p>\n<p>Bu arada M\u0131s\u0131r D\u0131\u015fi\u015fleri Bakanl\u0131\u011f\u0131 da yay\u0131nlad\u0131 a\u00e7\u0131klamada: &#8220;M\u0131s\u0131r Arap Cumhuriyeti, Suriye Golan&#8217;\u0131n uluslararas\u0131 me\u015fruiyet kararlar\u0131 gere\u011fince i\u015fgal edilmi\u015f Arap topra\u011f\u0131 oldu\u011funa dair sabit tutumunu ve ayr\u0131ca uluslararas\u0131 toplumun, uluslararas\u0131 me\u015fruiyet kararlar\u0131 ve Birle\u015fmi\u015f Milletler misak\u0131na sayg\u0131 zorunlulu\u011funu belirtir&#8221; dedi.<\/p>\n<p><span style=\"color: #0000ff;\">Paris: Golan \u00dczerindeki \u0130srail Egemenli\u011fi Uluslararas\u0131 Kanunca \u0130hlaldir<\/span><\/p>\n<p>Fransa D\u0131\u015fi\u015fleri Bakanl\u0131\u011f\u0131 da: \u0130srail&#8217;in Golan \u00fczerindeki egemenli\u011finin uluslararas\u0131 kanuna ihlal say\u0131ld\u0131\u011f\u0131n\u0131 vurgulad\u0131.<\/p>\n<p><span style=\"color: #0000ff;\">Task: AB Golan&#8217;a Y\u00f6nelik Tutumuna Ba\u011fl\u0131d\u0131r<\/span><\/p>\n<p>Bu arada Avrupa Birli\u011fi Konsey Ba\u015fkan\u0131 Donald Task bug\u00fcn, AB&#8217;nin Amerika Ba\u015fkan\u0131 Donald Trump&#8217;\u0131n son a\u00e7\u0131klamalar\u0131na ra\u011fmen i\u015fgal edilen Golan&#8217;la ilgili tutumuna ba\u011fl\u0131 oldu\u011funu belirtti.<br \/>\nAB d\u00fcn, i\u015fgal edilen Suriyeli Golan ile ilgili tutumunun de\u011fi\u015fmeyece\u011fini ve \u0130srail&#8217;in Golan \u00fczerindeki egemenli\u011fini tan\u0131mad\u0131\u011f\u0131n\u0131 ilan etmi\u015fti.<\/p>\n<p>Reuters Task&#8217;\u0131n bug\u00fcn d\u00fczenlenen bas\u0131n toplant\u0131s\u0131ndan naklen; &#8220;AB&#8217;nin tutumu \u00e7ok iyi biliniyor ve de\u011fi\u015fmeyecektir&#8221; dedi.<\/p>\n<p>\u00c7eviri: S. \u015eahut<\/p>\n","protected":false},"excerpt":{"rendered":"<p>BA\u015eKENTLER \u2013 Rusya D\u0131\u015fi\u015fleri Bakanl\u0131\u011f\u0131 s\u00f6zc\u00fcs\u00fc Mariya Zaharova, Rusya&#8217;n\u0131n Golan&#8217;\u0131n Suriye topraklar\u0131n\u0131 i\u015fgal etti\u011fi y\u00f6n\u00fcndeki tutumunun de\u011fi\u015fmez oldu\u011funu belirterek, ABD Ba\u015fkan\u0131 Donald Trump&#8217;\u0131n i\u015fgal alt\u0131ndaki Suriyeli Golan hakk\u0131ndaki a\u00e7\u0131klamalar\u0131n\u0131n Birle\u015fmi\u015f Milletler kararlar\u0131na ihlal te\u015fkil etti\u011fini vurgulad\u0131. Novosti Zaharova&#8217;n\u0131n Trump a\u00e7\u0131klamalar\u0131yla ilgili olarak Kommersant FM radyosuna verdi\u011fi deme\u00e7ten naklen, G\u00fcvenlik Konseyi d\u0131\u015f\u0131nda Suriyeli Golan&#8217;\u0131n s\u0131fat\u0131n\u0131 de\u011fi\u015ftirmek &hellip;<\/p>\n","protected":false},"author":1,"featured_media":178063,"comment_status":"closed","ping_status":"closed","sticky":false,"template":"","format":"standard","meta":{"footnotes":""},"categories":[458,459,17988],"tags":[],"class_list":["post-177967","post","type-post","status-publish","format-standard","has-post-thumbnail","","category-dunya1","category-haberler-arap-uluslararasi-politika","category-son-haberler"],"_links":{"self":[{"href":"https:\/\/archive.sana.sy\/tr\/index.php?rest_route=\/wp\/v2\/posts\/177967","targetHints":{"allow":["GET"]}}],"collection":[{"href":"https:\/\/archive.sana.sy\/tr\/index.php?rest_route=\/wp\/v2\/posts"}],"about":[{"href":"https:\/\/archive.sana.sy\/tr\/index.php?rest_route=\/wp\/v2\/types\/post"}],"author":[{"embeddable":true,"href":"https:\/\/archive.sana.sy\/tr\/index.php?rest_route=\/wp\/v2\/users\/1"}],"replies":[{"embeddable":true,"href":"https:\/\/archive.sana.sy\/tr\/index.php?rest_route=%2Fwp%2Fv2%2Fcomments&post=177967"}],"version-history":[{"count":0,"href":"https:\/\/archive.sana.sy\/tr\/index.php?rest_route=\/wp\/v2\/posts\/177967\/revisions"}],"wp:featuredmedia":[{"embeddable":true,"href":"https:\/\/archive.sana.sy\/tr\/index.php?rest_route=\/wp\/v2\/media\/178063"}],"wp:attachment":[{"href":"https:\/\/archive.sana.sy\/tr\/index.php?rest_route=%2Fwp%2Fv2%2Fmedia&parent=177967"}],"wp:term":[{"taxonomy":"category","embeddable":true,"href":"https:\/\/archive.sana.sy\/tr\/index.php?rest_route=%2Fwp%2Fv2%2Fcategories&post=177967"},{"taxonomy":"post_tag","embeddable":true,"href":"https:\/\/archive.sana.sy\/tr\/index.php?rest_route=%2Fwp%2Fv2%2Ftags&post=177967"}],"curies":[{"name":"wp","href":"https:\/\/api.w.org\/{rel}","templated":true}]}}