{"id":177971,"date":"2019-03-22T15:39:26","date_gmt":"2019-03-22T13:39:26","guid":{"rendered":"http:\/\/www.sana.sy\/tr\/?p=177971"},"modified":"2019-03-22T15:39:26","modified_gmt":"2019-03-22T13:39:26","slug":"disisleri-ve-gurbetciler-bakanligi-suriye-hukumeti-trumpin-birlesmis-milletlerin-ilgili-ve-guvenlik-konseyinin-isgal-edilmis-toprak-sayan-ve-israil-isgal-otoritelerinin-bu-isgal-edilen-topra","status":"publish","type":"post","link":"https:\/\/archive.sana.sy\/tr\/?p=177971","title":{"rendered":"D\u0131\u015fi\u015fleri ve Gurbet\u00e7iler Bakanl\u0131\u011f\u0131: Suriye Huk\u00fcmeti Trump&#8217;\u0131n, Birle\u015fmi\u015f Milletlerin ilgili ve G\u00fcvenlik Konseyi&#8217;nin &#8220;i\u015fgal edilmi\u015f toprak&#8221; sayan ve \u0130srail i\u015fgal otoritelerinin bu i\u015fgal edilen topraklar \u00fczerinde alaca\u011f\u0131 herhangi icraat\u0131 bat\u0131l ve yasal hi\u00e7bir etkisi olmad\u0131\u011f\u0131n\u0131 sayan 1981 y\u0131l\u0131 498 say\u0131l\u0131 kararlar\u0131 kanal\u0131yla itiraf etti\u011fi i\u015fgal edilen Suriyeli Golan&#8217;\u0131n yasal durumu ile ilgili a\u00e7\u0131klamalar\u0131n\u0131 \u015fiddetle k\u0131nar."},"content":{"rendered":"<p>D\u0131\u015fi\u015fleri ve Gurbet\u00e7iler Bakanl\u0131\u011f\u0131: Suriye Huk\u00fcmeti Trump&#8217;\u0131n, Birle\u015fmi\u015f Milletlerin ilgili ve G\u00fcvenlik Konseyi&#8217;nin &#8220;i\u015fgal edilmi\u015f toprak&#8221; sayan ve \u0130srail i\u015fgal otoritelerinin bu i\u015fgal edilen topraklar \u00fczerinde alaca\u011f\u0131 herhangi icraat\u0131 bat\u0131l ve yasal hi\u00e7bir etkisi olmad\u0131\u011f\u0131n\u0131 sayan 1981 y\u0131l\u0131 498 say\u0131l\u0131 kararlar\u0131 kanal\u0131yla itiraf etti\u011fi i\u015fgal edilen Suriyeli Golan&#8217;\u0131n yasal durumu ile ilgili a\u00e7\u0131klamalar\u0131n\u0131 \u015fiddetle k\u0131nar.<\/p>\n","protected":false},"excerpt":{"rendered":"<p>D\u0131\u015fi\u015fleri ve Gurbet\u00e7iler Bakanl\u0131\u011f\u0131: Suriye Huk\u00fcmeti Trump&#8217;\u0131n, Birle\u015fmi\u015f Milletlerin ilgili ve G\u00fcvenlik Konseyi&#8217;nin &#8220;i\u015fgal edilmi\u015f toprak&#8221; sayan ve \u0130srail i\u015fgal otoritelerinin bu i\u015fgal edilen topraklar \u00fczerinde alaca\u011f\u0131 herhangi icraat\u0131 bat\u0131l ve yasal hi\u00e7bir etkisi olmad\u0131\u011f\u0131n\u0131 sayan 1981 y\u0131l\u0131 498 say\u0131l\u0131 kararlar\u0131 kanal\u0131yla itiraf etti\u011fi i\u015fgal edilen Suriyeli Golan&#8217;\u0131n yasal durumu ile ilgili a\u00e7\u0131klamalar\u0131n\u0131 \u015fiddetle k\u0131nar.<\/p>\n","protected":false},"author":1,"featured_media":0,"comment_status":"closed","ping_status":"closed","sticky":false,"template":"","format":"standard","meta":{"footnotes":""},"categories":[17991],"tags":[],"class_list":["post-177971","post","type-post","status-publish","format-standard","","category-son-dakika"],"_links":{"self":[{"href":"https:\/\/archive.sana.sy\/tr\/index.php?rest_route=\/wp\/v2\/posts\/177971","targetHints":{"allow":["GET"]}}],"collection":[{"href":"https:\/\/archive.sana.sy\/tr\/index.php?rest_route=\/wp\/v2\/posts"}],"about":[{"href":"https:\/\/archive.sana.sy\/tr\/index.php?rest_route=\/wp\/v2\/types\/post"}],"author":[{"embeddable":true,"href":"https:\/\/archive.sana.sy\/tr\/index.php?rest_route=\/wp\/v2\/users\/1"}],"replies":[{"embeddable":true,"href":"https:\/\/archive.sana.sy\/tr\/index.php?rest_route=%2Fwp%2Fv2%2Fcomments&post=177971"}],"version-history":[{"count":0,"href":"https:\/\/archive.sana.sy\/tr\/index.php?rest_route=\/wp\/v2\/posts\/177971\/revisions"}],"wp:attachment":[{"href":"https:\/\/archive.sana.sy\/tr\/index.php?rest_route=%2Fwp%2Fv2%2Fmedia&parent=177971"}],"wp:term":[{"taxonomy":"category","embeddable":true,"href":"https:\/\/archive.sana.sy\/tr\/index.php?rest_route=%2Fwp%2Fv2%2Fcategories&post=177971"},{"taxonomy":"post_tag","embeddable":true,"href":"https:\/\/archive.sana.sy\/tr\/index.php?rest_route=%2Fwp%2Fv2%2Ftags&post=177971"}],"curies":[{"name":"wp","href":"https:\/\/api.w.org\/{rel}","templated":true}]}}