{"id":177973,"date":"2019-03-22T15:47:54","date_gmt":"2019-03-22T13:47:54","guid":{"rendered":"http:\/\/www.sana.sy\/tr\/?p=177973"},"modified":"2019-03-22T15:47:54","modified_gmt":"2019-03-22T13:47:54","slug":"disisleri-isgal-edilen-suriyeli-arap-golan-suriye-arap-cumhuriyetinin-bolunmez-bir-parcasidir-uluslararasi-hukukun-guvence-altina-aldigi-yollarla-israil-isgalinden-iadesi-de-suriye-ulusal-politik","status":"publish","type":"post","link":"https:\/\/archive.sana.sy\/tr\/?p=177973","title":{"rendered":"D\u0131\u015fi\u015fleri: \u0130\u015fgal edilen Suriyeli Arap Golan, Suriye Arap Cumhuriyeti&#8217;nin b\u00f6l\u00fcnmez bir par\u00e7as\u0131d\u0131r. Uluslararas\u0131 hukukun g\u00fcvence alt\u0131na ald\u0131\u011f\u0131 yollarla \u0130srail i\u015fgalinden iadesi de Suriye ulusal politikas\u0131n\u0131n hala \u00f6ncelikleri aras\u0131ndad\u0131r, pazarl\u0131\u011fa veya ondan vazge\u00e7meye tabi olmayacak ebedi hakk\u0131m\u0131z vard\u0131r ve ayr\u0131ca zaman a\u015f\u0131m\u0131na da u\u011framaz."},"content":{"rendered":"<p>D\u0131\u015fi\u015fleri: \u0130\u015fgal edilen Suriyeli Arap Golan, Suriye Arap Cumhuriyeti&#8217;nin b\u00f6l\u00fcnmez bir par\u00e7as\u0131d\u0131r. Uluslararas\u0131 hukukun g\u00fcvence alt\u0131na ald\u0131\u011f\u0131 yollarla \u0130srail i\u015fgalinden iadesi de Suriye ulusal politikas\u0131n\u0131n hala \u00f6ncelikleri aras\u0131ndad\u0131r, pazarl\u0131\u011fa veya ondan vazge\u00e7meye tabi olmayacak ebedi hakk\u0131m\u0131z vard\u0131r ve ayr\u0131ca zaman a\u015f\u0131m\u0131na da u\u011framaz.<\/p>\n","protected":false},"excerpt":{"rendered":"<p>D\u0131\u015fi\u015fleri: \u0130\u015fgal edilen Suriyeli Arap Golan, Suriye Arap Cumhuriyeti&#8217;nin b\u00f6l\u00fcnmez bir par\u00e7as\u0131d\u0131r. Uluslararas\u0131 hukukun g\u00fcvence alt\u0131na ald\u0131\u011f\u0131 yollarla \u0130srail i\u015fgalinden iadesi de Suriye ulusal politikas\u0131n\u0131n hala \u00f6ncelikleri aras\u0131ndad\u0131r, pazarl\u0131\u011fa veya ondan vazge\u00e7meye tabi olmayacak ebedi hakk\u0131m\u0131z vard\u0131r ve ayr\u0131ca zaman a\u015f\u0131m\u0131na da u\u011framaz.<\/p>\n","protected":false},"author":1,"featured_media":0,"comment_status":"closed","ping_status":"closed","sticky":false,"template":"","format":"standard","meta":{"footnotes":""},"categories":[17991],"tags":[],"class_list":["post-177973","post","type-post","status-publish","format-standard","","category-son-dakika"],"_links":{"self":[{"href":"https:\/\/archive.sana.sy\/tr\/index.php?rest_route=\/wp\/v2\/posts\/177973","targetHints":{"allow":["GET"]}}],"collection":[{"href":"https:\/\/archive.sana.sy\/tr\/index.php?rest_route=\/wp\/v2\/posts"}],"about":[{"href":"https:\/\/archive.sana.sy\/tr\/index.php?rest_route=\/wp\/v2\/types\/post"}],"author":[{"embeddable":true,"href":"https:\/\/archive.sana.sy\/tr\/index.php?rest_route=\/wp\/v2\/users\/1"}],"replies":[{"embeddable":true,"href":"https:\/\/archive.sana.sy\/tr\/index.php?rest_route=%2Fwp%2Fv2%2Fcomments&post=177973"}],"version-history":[{"count":0,"href":"https:\/\/archive.sana.sy\/tr\/index.php?rest_route=\/wp\/v2\/posts\/177973\/revisions"}],"wp:attachment":[{"href":"https:\/\/archive.sana.sy\/tr\/index.php?rest_route=%2Fwp%2Fv2%2Fmedia&parent=177973"}],"wp:term":[{"taxonomy":"category","embeddable":true,"href":"https:\/\/archive.sana.sy\/tr\/index.php?rest_route=%2Fwp%2Fv2%2Fcategories&post=177973"},{"taxonomy":"post_tag","embeddable":true,"href":"https:\/\/archive.sana.sy\/tr\/index.php?rest_route=%2Fwp%2Fv2%2Ftags&post=177973"}],"curies":[{"name":"wp","href":"https:\/\/api.w.org\/{rel}","templated":true}]}}