{"id":178048,"date":"2019-03-23T15:25:55","date_gmt":"2019-03-23T13:25:55","guid":{"rendered":"http:\/\/www.sana.sy\/tr\/?p=178048"},"modified":"2019-03-24T13:33:52","modified_gmt":"2019-03-24T11:33:52","slug":"kinamalar-uluslararasi-duzeyde-devam-ediyor","status":"publish","type":"post","link":"https:\/\/archive.sana.sy\/tr\/?p=178048","title":{"rendered":"K\u0131namalar Uluslararas\u0131 D\u00fczeyde Devam Ediyor"},"content":{"rendered":"<p>BA\u015eKENTLER \u2013 ABD Ba\u015fkan\u0131 Donald Trump\u2019un, \u0130srail i\u015fgali alt\u0131ndaki Golan topraklar\u0131nda \u0130srail egemenli\u011fini tan\u0131ma \u00e7a\u011fr\u0131s\u0131na ili\u015fkin a\u00e7\u0131klamalar\u0131na k\u0131namalar uluslararas\u0131 d\u00fczeyde devam ediyor.<\/p>\n<p>Irak D\u0131\u015fi\u015fleri Bakanl\u0131\u011f\u0131 bu a\u00e7\u0131klamalar\u0131n uluslararas\u0131 kanun ve kararlara a\u00e7\u0131k bir ihlal te\u015fkil etmekle birlikte i\u015fgal ve s\u00f6m\u00fcr\u00fcy\u00fc yasala\u015ft\u0131rma tehlikesi ta\u015f\u0131d\u0131\u011f\u0131n\u0131 belirtti. Bakanl\u0131k Golan\u2019\u0131n Suriyeli topraklar oldu\u011funu ve \u00f6yle kalaca\u011f\u0131n\u0131 kaydetti.<\/p>\n<p>Filistin D\u0131\u015fi\u015fleri Bakanl\u0131\u011f\u0131 ise yay\u0131nlad\u0131\u011f\u0131 beyanda Trump\u2019un kanunlara ayk\u0131r\u0131 bu a\u00e7\u0131klamalar\u0131n\u0131n ABD ve \u0130srail\u2019in g\u00fc\u00e7 zorbal\u0131\u011f\u0131 ve s\u00f6m\u00fcr\u00fcde s\u0131n\u0131r tan\u0131mad\u0131klar\u0131n\u0131 ifade etti. Bakanl\u0131k bu a\u00e7\u0131klamalar\u0131n uluslararas\u0131 yasall\u0131k ve kanunlara kar\u015f\u0131 bir darbe oldu\u011funu belirtti.<\/p>\n<p>BM\u2019nin Suriye Rab\u0131tas\u0131 ise Trump\u2019un a\u00e7\u0131klamalar\u0131n\u0131 k\u0131narken Golan\u2019\u0131n Suriyeli oldu\u011funu ve \u0130srail i\u015fgalinin bat\u0131l oldu\u011funu kararlar\u0131nda vurgulayan Birle\u015fmi\u015f Milletleri kararlar\u0131na ba\u011fl\u0131 kal\u0131nmas\u0131 i\u00e7in g\u00f6reve davet etti.<\/p>\n","protected":false},"excerpt":{"rendered":"<p>BA\u015eKENTLER \u2013 ABD Ba\u015fkan\u0131 Donald Trump\u2019un, \u0130srail i\u015fgali alt\u0131ndaki Golan topraklar\u0131nda \u0130srail egemenli\u011fini tan\u0131ma \u00e7a\u011fr\u0131s\u0131na ili\u015fkin a\u00e7\u0131klamalar\u0131na k\u0131namalar uluslararas\u0131 d\u00fczeyde devam ediyor. Irak D\u0131\u015fi\u015fleri Bakanl\u0131\u011f\u0131 bu a\u00e7\u0131klamalar\u0131n uluslararas\u0131 kanun ve kararlara a\u00e7\u0131k bir ihlal te\u015fkil etmekle birlikte i\u015fgal ve s\u00f6m\u00fcr\u00fcy\u00fc yasala\u015ft\u0131rma tehlikesi ta\u015f\u0131d\u0131\u011f\u0131n\u0131 belirtti. Bakanl\u0131k Golan\u2019\u0131n Suriyeli topraklar oldu\u011funu ve \u00f6yle kalaca\u011f\u0131n\u0131 kaydetti. Filistin D\u0131\u015fi\u015fleri &hellip;<\/p>\n","protected":false},"author":1,"featured_media":178059,"comment_status":"closed","ping_status":"closed","sticky":false,"template":"","format":"standard","meta":{"footnotes":""},"categories":[458,459,17988],"tags":[],"class_list":["post-178048","post","type-post","status-publish","format-standard","has-post-thumbnail","","category-dunya1","category-haberler-arap-uluslararasi-politika","category-son-haberler"],"_links":{"self":[{"href":"https:\/\/archive.sana.sy\/tr\/index.php?rest_route=\/wp\/v2\/posts\/178048","targetHints":{"allow":["GET"]}}],"collection":[{"href":"https:\/\/archive.sana.sy\/tr\/index.php?rest_route=\/wp\/v2\/posts"}],"about":[{"href":"https:\/\/archive.sana.sy\/tr\/index.php?rest_route=\/wp\/v2\/types\/post"}],"author":[{"embeddable":true,"href":"https:\/\/archive.sana.sy\/tr\/index.php?rest_route=\/wp\/v2\/users\/1"}],"replies":[{"embeddable":true,"href":"https:\/\/archive.sana.sy\/tr\/index.php?rest_route=%2Fwp%2Fv2%2Fcomments&post=178048"}],"version-history":[{"count":0,"href":"https:\/\/archive.sana.sy\/tr\/index.php?rest_route=\/wp\/v2\/posts\/178048\/revisions"}],"wp:featuredmedia":[{"embeddable":true,"href":"https:\/\/archive.sana.sy\/tr\/index.php?rest_route=\/wp\/v2\/media\/178059"}],"wp:attachment":[{"href":"https:\/\/archive.sana.sy\/tr\/index.php?rest_route=%2Fwp%2Fv2%2Fmedia&parent=178048"}],"wp:term":[{"taxonomy":"category","embeddable":true,"href":"https:\/\/archive.sana.sy\/tr\/index.php?rest_route=%2Fwp%2Fv2%2Fcategories&post=178048"},{"taxonomy":"post_tag","embeddable":true,"href":"https:\/\/archive.sana.sy\/tr\/index.php?rest_route=%2Fwp%2Fv2%2Ftags&post=178048"}],"curies":[{"name":"wp","href":"https:\/\/api.w.org\/{rel}","templated":true}]}}