{"id":178104,"date":"2019-03-23T17:58:33","date_gmt":"2019-03-23T15:58:33","guid":{"rendered":"http:\/\/www.sana.sy\/tr\/?p=178104"},"modified":"2020-04-17T10:50:38","modified_gmt":"2020-04-17T07:50:38","slug":"trumpin-isgal-edilen-golana-yonelik-aciklamalarina-mecdel-semste-protesto-gosterileri","status":"publish","type":"post","link":"https:\/\/archive.sana.sy\/tr\/?p=178104","title":{"rendered":"Trump&#8217;\u0131n \u0130\u015fgal Edilen Golan&#8217;a Y\u00f6nelik A\u00e7\u0131klamalar\u0131na Mecdel \u015eems&#8217;te Protesto G\u00f6sterileri"},"content":{"rendered":"<p style=\"text-align: justify;\">KUNAYTRA \u2013 \u0130\u015fgal edilen Suriyeli Golan&#8217;da ya\u015fayan vatanda\u015flar\u0131m\u0131z bu ak\u015fam Mecdel \u015eems sahas\u0131nda Amerika Ba\u015fkan\u0131 Donald Trump&#8217;\u0131n i\u015fgal edilen Suriyeli Golan&#8217;la ilgili a\u00e7\u0131klamalar\u0131n\u0131 k\u0131nayan protesto g\u00f6sterisi d\u00fczenlediler. G\u00f6steride ana vatanlar\u0131 Suriye&#8217;ye olan ba\u011fl\u0131l\u0131klar\u0131 ile i\u015fgal ne kadar uzarsa uzas\u0131n Golan&#8217;\u0131n Suriye ulusal egemenli\u011fine d\u00f6nece\u011fini belirttiler.<\/p>\n<p style=\"text-align: justify;\">Prostesto g\u00f6sterisinde kat\u0131lanlar, Trump ve y\u00f6netimi erkan\u0131ndan \u00e7\u0131kan d\u00fc\u015fmanc\u0131l tutumlar\u0131n\u0131 k\u0131nayarak,herhangi bir ahlaki veya yasal ahlak temelinden yoksun oldu\u011funu ve uluslararas\u0131 me\u015fruiyete ihlal say\u0131ld\u0131\u011f\u0131n\u0131 ifade ettiler.<\/p>\n<p style=\"text-align: justify;\">Kunaytra SANA ofisine telefon g\u00f6r\u00fc\u015fmesinde kurtar\u0131lm\u0131\u015f esir Bi\u015fr el Makt: Golan&#8217;\u0131n Suriye topra\u011f\u0131 oldu\u011funu yerle\u015fimci yay\u0131lmac\u0131 s\u00f6m\u00fcrgeci projelerinde sava\u015f \u00e7\u0131\u011f\u0131rtkanlar\u0131n\u0131n ne kadar \u00e7aba g\u00f6sterirlerse g\u00f6stersinler bunun aksinin olmas\u0131n\u0131n m\u00fcmk\u00fcn olmad\u0131\u011f\u0131n\u0131 s\u00f6yledi. El Makt, Trump&#8217;\u0131n a\u00e7\u0131klamalar\u0131n\u0131n b\u00fct\u00fcn d\u00fcnyan\u0131n al\u0131\u015ft\u0131\u011f\u0131 sorumsuz ve ahmak bir adamdan \u00e7\u0131kan a\u00e7\u0131klamalar oldu\u011funu vurgulad\u0131.<\/p>\n<p style=\"text-align: justify;\">Kendi y\u00f6n\u00fcnden Yusuf \u015eems Trump&#8217;\u0131n a\u00e7\u0131klamalar\u0131n\u0131 k\u0131nayarak, Birle\u015fmi\u015f Milletlerin Golan ile ilgili kararlar\u0131yla ba\u011fda\u015fmad\u0131\u011f\u0131n\u0131 dolay\u0131s\u0131yla \u0130srail&#8217;in Golan ile ilgilib\u00fct\u00fcn icraat ve uygulamalar\u0131n\u0131n yasal say\u0131lamayaca\u011f\u0131n\u0131 dile getirdi.<\/p>\n<p style=\"text-align: justify;\">Kendi y\u00f6n\u00fcnden \u015eeyh S\u00fcleyman el Makt, Trump ve ynetimi erkan\u0131n\u0131n a\u00e7\u0131klamalar\u0131n\u0131n egemen \u00fclkelerin i\u00e7i\u015flerine ahmak\u00e7a m\u00fcdahale say\u0131ld\u0131\u011f\u0131n\u0131 belirterek, Golanl\u0131 vatanda\u015flar\u0131n \u0130srail&#8217;in Golan&#8217;\u0131 yahudile\u015ftirmeye varan b\u00fct\u00fcn uygulamalar\u0131 ve sanal Siyonist varl\u0131\u011fa katma giri\u015fimlerine kkkar\u015f\u0131 direnmeye ve kar\u015f\u0131 koyma azimlerini vurgulad\u0131.<\/p>\n<p style=\"text-align: justify;\">Hasan Fahruddin ise, Golanl\u0131 ahalinin Suriye Arap kimli\u011fine olan ba\u011fl\u0131l\u0131klar\u0131 ve direni\u015fleri yan\u0131 s\u0131ra \u0130\u015fgalci \u0130srail otoritelerinin uygulamalar\u0131na kar\u015f\u0131 durduklar\u0131n\u0131 ifade etti.<\/p>\n","protected":false},"excerpt":{"rendered":"<p>KUNAYTRA \u2013 \u0130\u015fgal edilen Suriyeli Golan&#8217;da ya\u015fayan vatanda\u015flar\u0131m\u0131z bu ak\u015fam Mecdel \u015eems sahas\u0131nda Amerika Ba\u015fkan\u0131 Donald Trump&#8217;\u0131n i\u015fgal edilen Suriyeli Golan&#8217;la ilgili a\u00e7\u0131klamalar\u0131n\u0131 k\u0131nayan protesto g\u00f6sterisi d\u00fczenlediler. G\u00f6steride ana vatanlar\u0131 Suriye&#8217;ye olan ba\u011fl\u0131l\u0131klar\u0131 ile i\u015fgal ne kadar uzarsa uzas\u0131n Golan&#8217;\u0131n Suriye ulusal egemenli\u011fine d\u00f6nece\u011fini belirttiler. Prostesto g\u00f6sterisinde kat\u0131lanlar, Trump ve y\u00f6netimi erkan\u0131ndan \u00e7\u0131kan d\u00fc\u015fmanc\u0131l tutumlar\u0131n\u0131 &hellip;<\/p>\n","protected":false},"author":1,"featured_media":178105,"comment_status":"closed","ping_status":"closed","sticky":false,"template":"","format":"standard","meta":{"footnotes":""},"categories":[479,17988,478],"tags":[],"class_list":["post-178104","post","type-post","status-publish","format-standard","has-post-thumbnail","","category-haberler-yerel","category-son-haberler","category-yerel"],"_links":{"self":[{"href":"https:\/\/archive.sana.sy\/tr\/index.php?rest_route=\/wp\/v2\/posts\/178104","targetHints":{"allow":["GET"]}}],"collection":[{"href":"https:\/\/archive.sana.sy\/tr\/index.php?rest_route=\/wp\/v2\/posts"}],"about":[{"href":"https:\/\/archive.sana.sy\/tr\/index.php?rest_route=\/wp\/v2\/types\/post"}],"author":[{"embeddable":true,"href":"https:\/\/archive.sana.sy\/tr\/index.php?rest_route=\/wp\/v2\/users\/1"}],"replies":[{"embeddable":true,"href":"https:\/\/archive.sana.sy\/tr\/index.php?rest_route=%2Fwp%2Fv2%2Fcomments&post=178104"}],"version-history":[{"count":0,"href":"https:\/\/archive.sana.sy\/tr\/index.php?rest_route=\/wp\/v2\/posts\/178104\/revisions"}],"wp:featuredmedia":[{"embeddable":true,"href":"https:\/\/archive.sana.sy\/tr\/index.php?rest_route=\/wp\/v2\/media\/178105"}],"wp:attachment":[{"href":"https:\/\/archive.sana.sy\/tr\/index.php?rest_route=%2Fwp%2Fv2%2Fmedia&parent=178104"}],"wp:term":[{"taxonomy":"category","embeddable":true,"href":"https:\/\/archive.sana.sy\/tr\/index.php?rest_route=%2Fwp%2Fv2%2Fcategories&post=178104"},{"taxonomy":"post_tag","embeddable":true,"href":"https:\/\/archive.sana.sy\/tr\/index.php?rest_route=%2Fwp%2Fv2%2Ftags&post=178104"}],"curies":[{"name":"wp","href":"https:\/\/api.w.org\/{rel}","templated":true}]}}