{"id":178206,"date":"2019-03-25T13:34:42","date_gmt":"2019-03-25T11:34:42","guid":{"rendered":"http:\/\/www.sana.sy\/tr\/?p=178206"},"modified":"2019-03-26T13:15:26","modified_gmt":"2019-03-26T11:15:26","slug":"evlerine-donen-vatandaslara-insani-yardimlar-dagitiliyor","status":"publish","type":"post","link":"https:\/\/archive.sana.sy\/tr\/?p=178206","title":{"rendered":"Evlerine D\u00f6nen Vatanda\u015flara \u0130nsani Yard\u0131mlar Da\u011f\u0131t\u0131l\u0131yor"},"content":{"rendered":"<p>DERA \u2013 Devletin istisnas\u0131z t\u00fcm b\u00f6lgelerde \u00f6zellikle ter\u00f6r ma\u011fdurlar\u0131 olmak \u00fczere t\u00fcm vatanda\u015flar\u0131n temel gereksinimlerinin temin edilmesi \u00f6zeni ve \u00e7abalar\u0131 kapsam\u0131nda bug\u00fcn Dera k\u0131rsal\u0131nda evlerine d\u00f6nen ailelere insani yard\u0131m konvoyu g\u00f6nderildi.<\/p>\n<p>\u0130nsani yard\u0131mlar\u0131 koordine edip da\u011f\u0131tan K\u0131z\u0131lay \u00d6rg\u00fct\u00fc yay\u0131nlad\u0131\u011f\u0131 beyanda; 35 b\u00fcy\u00fck kamyondan ibaret konvoydaki yard\u0131mlar\u0131n farkl\u0131 b\u00f6lgelerde 6 bin 500 aileye yetecek miktarda oldu\u011funu kaydetti.<\/p>\n<p>Beyanda insani yard\u0131mlar\u0131n i\u00e7inde farkl\u0131 g\u0131da maddelerinin yan\u0131 s\u0131ra t\u0131bbi yard\u0131mlar, \u00e7ocuk gereksinimleri ve giyimin bulundu\u011funu a\u00e7\u0131kland\u0131.<\/p>\n","protected":false},"excerpt":{"rendered":"<p>DERA \u2013 Devletin istisnas\u0131z t\u00fcm b\u00f6lgelerde \u00f6zellikle ter\u00f6r ma\u011fdurlar\u0131 olmak \u00fczere t\u00fcm vatanda\u015flar\u0131n temel gereksinimlerinin temin edilmesi \u00f6zeni ve \u00e7abalar\u0131 kapsam\u0131nda bug\u00fcn Dera k\u0131rsal\u0131nda evlerine d\u00f6nen ailelere insani yard\u0131m konvoyu g\u00f6nderildi. \u0130nsani yard\u0131mlar\u0131 koordine edip da\u011f\u0131tan K\u0131z\u0131lay \u00d6rg\u00fct\u00fc yay\u0131nlad\u0131\u011f\u0131 beyanda; 35 b\u00fcy\u00fck kamyondan ibaret konvoydaki yard\u0131mlar\u0131n farkl\u0131 b\u00f6lgelerde 6 bin 500 aileye yetecek miktarda oldu\u011funu &hellip;<\/p>\n","protected":false},"author":1,"featured_media":178207,"comment_status":"closed","ping_status":"closed","sticky":false,"template":"","format":"standard","meta":{"footnotes":""},"categories":[479,17988,478],"tags":[],"class_list":["post-178206","post","type-post","status-publish","format-standard","has-post-thumbnail","","category-haberler-yerel","category-son-haberler","category-yerel"],"_links":{"self":[{"href":"https:\/\/archive.sana.sy\/tr\/index.php?rest_route=\/wp\/v2\/posts\/178206","targetHints":{"allow":["GET"]}}],"collection":[{"href":"https:\/\/archive.sana.sy\/tr\/index.php?rest_route=\/wp\/v2\/posts"}],"about":[{"href":"https:\/\/archive.sana.sy\/tr\/index.php?rest_route=\/wp\/v2\/types\/post"}],"author":[{"embeddable":true,"href":"https:\/\/archive.sana.sy\/tr\/index.php?rest_route=\/wp\/v2\/users\/1"}],"replies":[{"embeddable":true,"href":"https:\/\/archive.sana.sy\/tr\/index.php?rest_route=%2Fwp%2Fv2%2Fcomments&post=178206"}],"version-history":[{"count":0,"href":"https:\/\/archive.sana.sy\/tr\/index.php?rest_route=\/wp\/v2\/posts\/178206\/revisions"}],"wp:featuredmedia":[{"embeddable":true,"href":"https:\/\/archive.sana.sy\/tr\/index.php?rest_route=\/wp\/v2\/media\/178207"}],"wp:attachment":[{"href":"https:\/\/archive.sana.sy\/tr\/index.php?rest_route=%2Fwp%2Fv2%2Fmedia&parent=178206"}],"wp:term":[{"taxonomy":"category","embeddable":true,"href":"https:\/\/archive.sana.sy\/tr\/index.php?rest_route=%2Fwp%2Fv2%2Fcategories&post=178206"},{"taxonomy":"post_tag","embeddable":true,"href":"https:\/\/archive.sana.sy\/tr\/index.php?rest_route=%2Fwp%2Fv2%2Ftags&post=178206"}],"curies":[{"name":"wp","href":"https:\/\/api.w.org\/{rel}","templated":true}]}}