{"id":178276,"date":"2019-03-26T12:39:58","date_gmt":"2019-03-26T10:39:58","guid":{"rendered":"http:\/\/www.sana.sy\/tr\/?p=178276"},"modified":"2019-03-26T12:39:58","modified_gmt":"2019-03-26T10:39:58","slug":"gazetecilerden-olusan-buyuk-bir-grup-baskent-samin-emeviler-meydaninda-duzenledikleri-protesto-gosterisinde-abd-baskani-trumpun-israil-isgali-altindaki-suriyeli-golan-topraklarina-il","status":"publish","type":"post","link":"https:\/\/archive.sana.sy\/tr\/?p=178276","title":{"rendered":"Gazetecilerden olu\u015fan b\u00fcy\u00fck bir grup ba\u015fkent \u015eam\u2019\u0131n Emeviler Meydan\u0131nda d\u00fczenledikleri protesto g\u00f6sterisinde ABD Ba\u015fkan\u0131 Trump\u2019un \u0130srail i\u015fgali alt\u0131ndaki Suriyeli Golan topraklar\u0131na ili\u015fkin ilan\u0131n\u0131 k\u0131nay\u0131p Golan\u2019daki yurtta\u015flar\u0131m\u0131zla dayan\u0131\u015fmalar\u0131n\u0131 ifade etti."},"content":{"rendered":"<p>Gazetecilerden olu\u015fan b\u00fcy\u00fck bir grup ba\u015fkent \u015eam\u2019\u0131n Emeviler Meydan\u0131nda d\u00fczenledikleri protesto g\u00f6sterisinde ABD Ba\u015fkan\u0131 Trump\u2019un \u0130srail i\u015fgali alt\u0131ndaki Suriyeli Golan topraklar\u0131na ili\u015fkin ilan\u0131n\u0131 k\u0131nay\u0131p Golan\u2019daki yurtta\u015flar\u0131m\u0131zla dayan\u0131\u015fmalar\u0131n\u0131 ifade etti.<\/p>\n","protected":false},"excerpt":{"rendered":"<p>Gazetecilerden olu\u015fan b\u00fcy\u00fck bir grup ba\u015fkent \u015eam\u2019\u0131n Emeviler Meydan\u0131nda d\u00fczenledikleri protesto g\u00f6sterisinde ABD Ba\u015fkan\u0131 Trump\u2019un \u0130srail i\u015fgali alt\u0131ndaki Suriyeli Golan topraklar\u0131na ili\u015fkin ilan\u0131n\u0131 k\u0131nay\u0131p Golan\u2019daki yurtta\u015flar\u0131m\u0131zla dayan\u0131\u015fmalar\u0131n\u0131 ifade etti.<\/p>\n","protected":false},"author":1,"featured_media":0,"comment_status":"closed","ping_status":"closed","sticky":false,"template":"","format":"standard","meta":{"footnotes":""},"categories":[17991],"tags":[],"class_list":["post-178276","post","type-post","status-publish","format-standard","","category-son-dakika"],"_links":{"self":[{"href":"https:\/\/archive.sana.sy\/tr\/index.php?rest_route=\/wp\/v2\/posts\/178276","targetHints":{"allow":["GET"]}}],"collection":[{"href":"https:\/\/archive.sana.sy\/tr\/index.php?rest_route=\/wp\/v2\/posts"}],"about":[{"href":"https:\/\/archive.sana.sy\/tr\/index.php?rest_route=\/wp\/v2\/types\/post"}],"author":[{"embeddable":true,"href":"https:\/\/archive.sana.sy\/tr\/index.php?rest_route=\/wp\/v2\/users\/1"}],"replies":[{"embeddable":true,"href":"https:\/\/archive.sana.sy\/tr\/index.php?rest_route=%2Fwp%2Fv2%2Fcomments&post=178276"}],"version-history":[{"count":0,"href":"https:\/\/archive.sana.sy\/tr\/index.php?rest_route=\/wp\/v2\/posts\/178276\/revisions"}],"wp:attachment":[{"href":"https:\/\/archive.sana.sy\/tr\/index.php?rest_route=%2Fwp%2Fv2%2Fmedia&parent=178276"}],"wp:term":[{"taxonomy":"category","embeddable":true,"href":"https:\/\/archive.sana.sy\/tr\/index.php?rest_route=%2Fwp%2Fv2%2Fcategories&post=178276"},{"taxonomy":"post_tag","embeddable":true,"href":"https:\/\/archive.sana.sy\/tr\/index.php?rest_route=%2Fwp%2Fv2%2Ftags&post=178276"}],"curies":[{"name":"wp","href":"https:\/\/api.w.org\/{rel}","templated":true}]}}