{"id":178456,"date":"2019-03-27T16:33:44","date_gmt":"2019-03-27T14:33:44","guid":{"rendered":"http:\/\/www.sana.sy\/tr\/?p=178456"},"modified":"2019-03-27T16:33:44","modified_gmt":"2019-03-27T14:33:44","slug":"disisleri-ve-gurbetciler-bakanligi-abd-baskani-donald-trumpun-israil-isgali-altindaki-suriyeli-golan-topraklarini-israil-egemenligine-girmesini-tanima-ilani-konusunda-birlesmis-milletlere-ta","status":"publish","type":"post","link":"https:\/\/archive.sana.sy\/tr\/?p=178456","title":{"rendered":"D\u0131\u015fi\u015fleri ve Gurbet\u00e7iler Bakanl\u0131\u011f\u0131; ABD ba\u015fkan\u0131 Donald Trump\u2019un \u0130srail i\u015fgali alt\u0131ndaki Suriyeli Golan topraklar\u0131n\u0131 \u0130srail egemenli\u011fine girmesini tan\u0131ma ilan\u0131 konusunda Birle\u015fmi\u015f Milletlere tabi \u0130nsan Haklar\u0131 Y\u00fcksek Komiseri Michelle Bachelet\u2019e resmi mektup g\u00f6nderdi."},"content":{"rendered":"<p>D\u0131\u015fi\u015fleri ve Gurbet\u00e7iler Bakanl\u0131\u011f\u0131; ABD ba\u015fkan\u0131 Donald Trump\u2019un \u0130srail i\u015fgali alt\u0131ndaki Suriyeli Golan topraklar\u0131n\u0131 \u0130srail egemenli\u011fine girmesini tan\u0131ma ilan\u0131 konusunda Birle\u015fmi\u015f Milletlere tabi \u0130nsan Haklar\u0131 Y\u00fcksek Komiseri Michelle Bachelet\u2019e resmi mektup g\u00f6nderdi.<\/p>\n","protected":false},"excerpt":{"rendered":"<p>D\u0131\u015fi\u015fleri ve Gurbet\u00e7iler Bakanl\u0131\u011f\u0131; ABD ba\u015fkan\u0131 Donald Trump\u2019un \u0130srail i\u015fgali alt\u0131ndaki Suriyeli Golan topraklar\u0131n\u0131 \u0130srail egemenli\u011fine girmesini tan\u0131ma ilan\u0131 konusunda Birle\u015fmi\u015f Milletlere tabi \u0130nsan Haklar\u0131 Y\u00fcksek Komiseri Michelle Bachelet\u2019e resmi mektup g\u00f6nderdi.<\/p>\n","protected":false},"author":1,"featured_media":0,"comment_status":"closed","ping_status":"closed","sticky":false,"template":"","format":"standard","meta":{"footnotes":""},"categories":[17991],"tags":[],"class_list":["post-178456","post","type-post","status-publish","format-standard","","category-son-dakika"],"_links":{"self":[{"href":"https:\/\/archive.sana.sy\/tr\/index.php?rest_route=\/wp\/v2\/posts\/178456","targetHints":{"allow":["GET"]}}],"collection":[{"href":"https:\/\/archive.sana.sy\/tr\/index.php?rest_route=\/wp\/v2\/posts"}],"about":[{"href":"https:\/\/archive.sana.sy\/tr\/index.php?rest_route=\/wp\/v2\/types\/post"}],"author":[{"embeddable":true,"href":"https:\/\/archive.sana.sy\/tr\/index.php?rest_route=\/wp\/v2\/users\/1"}],"replies":[{"embeddable":true,"href":"https:\/\/archive.sana.sy\/tr\/index.php?rest_route=%2Fwp%2Fv2%2Fcomments&post=178456"}],"version-history":[{"count":0,"href":"https:\/\/archive.sana.sy\/tr\/index.php?rest_route=\/wp\/v2\/posts\/178456\/revisions"}],"wp:attachment":[{"href":"https:\/\/archive.sana.sy\/tr\/index.php?rest_route=%2Fwp%2Fv2%2Fmedia&parent=178456"}],"wp:term":[{"taxonomy":"category","embeddable":true,"href":"https:\/\/archive.sana.sy\/tr\/index.php?rest_route=%2Fwp%2Fv2%2Fcategories&post=178456"},{"taxonomy":"post_tag","embeddable":true,"href":"https:\/\/archive.sana.sy\/tr\/index.php?rest_route=%2Fwp%2Fv2%2Ftags&post=178456"}],"curies":[{"name":"wp","href":"https:\/\/api.w.org\/{rel}","templated":true}]}}