{"id":178866,"date":"2019-03-31T16:00:52","date_gmt":"2019-03-31T13:00:52","guid":{"rendered":"http:\/\/www.sana.sy\/tr\/?p=178866"},"modified":"2019-04-01T13:20:59","modified_gmt":"2019-04-01T10:20:59","slug":"sanayi-bolgesi-sozlesme-imzaladi","status":"publish","type":"post","link":"https:\/\/archive.sana.sy\/tr\/?p=178866","title":{"rendered":"Sanayi B\u00f6lgesi S\u00f6zle\u015fme \u0130mzalad\u0131"},"content":{"rendered":"<p>HALEP \u2013 Halep\u2019te \u015eeyh Neccar Organize Sanayi B\u00f6lgesi b\u00f6lgenin kalk\u0131nd\u0131r\u0131lmas\u0131 ve altyap\u0131n\u0131n geli\u015ftirilmesi amac\u0131yla bug\u00fcn Su Projeleri Kamu Kurumu ile 667 milyon lira de\u011ferinde bir s\u00f6zle\u015fmeye imza att\u0131.<\/p>\n<p>D\u0131\u015f g\u00fc\u00e7lere tabi ter\u00f6ristlerin ordu taraf\u0131ndan yok edilmeden \u00f6nce ya\u011fmalad\u0131klar\u0131 ve olduk\u00e7a b\u00fcy\u00fck hasarlar verdikleri \u015eeyh Neccar Organize Sanayi B\u00f6lgesi M\u00fcd\u00fcr\u00fc Hazim Accan s\u00f6z konusu s\u00f6zle\u015fmenin bakanlar kurulu taraf\u0131ndan onayland\u0131\u011f\u0131n\u0131 belirtti.<\/p>\n<p>Accan s\u00f6zle\u015fme gere\u011fince sanayi b\u00f6lgesinde bin ila 4 bin metrekarelik alanlarda yeni parsellerin olu\u015fturulmas\u0131n\u0131n yan\u0131 s\u0131ra sanayi b\u00f6lgesinde altyap\u0131 ve at\u0131k su \u015febekeleri onar\u0131l\u0131p geli\u015ftirilece\u011fini kaydetti. S\u00f6zle\u015fmenin uygulanmas\u0131 i\u00e7in gerekli icraatlar\u0131n tamamlanmakta oldu\u011funu s\u00f6yleyen Accan, s\u00f6zle\u015fmenin 9 ay s\u00fcre i\u00e7inde uygulanaca\u011f\u0131n\u0131 a\u00e7\u0131klad\u0131.<\/p>\n<p>Accan sanayi b\u00f6lgesinin yeni parsellerinde kimya ve m\u00fchendislik sanayilerine a\u011f\u0131rl\u0131k verilece\u011fine dikkat \u00e7ekti.<\/p>\n<p>\u015eeyh Neccar Organize Sanayi B\u00f6lgesi M\u00fcd\u00fcr\u00fc Accan b\u00f6lgede \u015fu ana dek yap\u0131lan yat\u0131r\u0131mlar\u0131n hacminin 230 milyar liray\u0131 a\u015ft\u0131\u011f\u0131n\u0131 belirtti.<\/p>\n","protected":false},"excerpt":{"rendered":"<p>HALEP \u2013 Halep\u2019te \u015eeyh Neccar Organize Sanayi B\u00f6lgesi b\u00f6lgenin kalk\u0131nd\u0131r\u0131lmas\u0131 ve altyap\u0131n\u0131n geli\u015ftirilmesi amac\u0131yla bug\u00fcn Su Projeleri Kamu Kurumu ile 667 milyon lira de\u011ferinde bir s\u00f6zle\u015fmeye imza att\u0131. D\u0131\u015f g\u00fc\u00e7lere tabi ter\u00f6ristlerin ordu taraf\u0131ndan yok edilmeden \u00f6nce ya\u011fmalad\u0131klar\u0131 ve olduk\u00e7a b\u00fcy\u00fck hasarlar verdikleri \u015eeyh Neccar Organize Sanayi B\u00f6lgesi M\u00fcd\u00fcr\u00fc Hazim Accan s\u00f6z konusu s\u00f6zle\u015fmenin bakanlar &hellip;<\/p>\n","protected":false},"author":1,"featured_media":178867,"comment_status":"closed","ping_status":"closed","sticky":false,"template":"","format":"standard","meta":{"footnotes":""},"categories":[485,486,479,17988,478],"tags":[],"class_list":["post-178866","post","type-post","status-publish","format-standard","has-post-thumbnail","","category-is-ve-sermaye","category-haberler-is-ve-sermaye","category-haberler-yerel","category-son-haberler","category-yerel"],"_links":{"self":[{"href":"https:\/\/archive.sana.sy\/tr\/index.php?rest_route=\/wp\/v2\/posts\/178866","targetHints":{"allow":["GET"]}}],"collection":[{"href":"https:\/\/archive.sana.sy\/tr\/index.php?rest_route=\/wp\/v2\/posts"}],"about":[{"href":"https:\/\/archive.sana.sy\/tr\/index.php?rest_route=\/wp\/v2\/types\/post"}],"author":[{"embeddable":true,"href":"https:\/\/archive.sana.sy\/tr\/index.php?rest_route=\/wp\/v2\/users\/1"}],"replies":[{"embeddable":true,"href":"https:\/\/archive.sana.sy\/tr\/index.php?rest_route=%2Fwp%2Fv2%2Fcomments&post=178866"}],"version-history":[{"count":0,"href":"https:\/\/archive.sana.sy\/tr\/index.php?rest_route=\/wp\/v2\/posts\/178866\/revisions"}],"wp:featuredmedia":[{"embeddable":true,"href":"https:\/\/archive.sana.sy\/tr\/index.php?rest_route=\/wp\/v2\/media\/178867"}],"wp:attachment":[{"href":"https:\/\/archive.sana.sy\/tr\/index.php?rest_route=%2Fwp%2Fv2%2Fmedia&parent=178866"}],"wp:term":[{"taxonomy":"category","embeddable":true,"href":"https:\/\/archive.sana.sy\/tr\/index.php?rest_route=%2Fwp%2Fv2%2Fcategories&post=178866"},{"taxonomy":"post_tag","embeddable":true,"href":"https:\/\/archive.sana.sy\/tr\/index.php?rest_route=%2Fwp%2Fv2%2Ftags&post=178866"}],"curies":[{"name":"wp","href":"https:\/\/api.w.org\/{rel}","templated":true}]}}